{"id":52438,"date":"2025-03-17T00:04:05","date_gmt":"2025-03-17T06:04:05","guid":{"rendered":"https:\/\/noticiasveracruz.com\/?p=52438"},"modified":"2025-03-16T20:34:47","modified_gmt":"2025-03-17T02:34:47","slug":"castagne-incurrio-en-violencia-politica-de-genero","status":"publish","type":"post","link":"https:\/\/noticiasveracruz.com\/index.php\/2025\/03\/17\/castagne-incurrio-en-violencia-politica-de-genero\/","title":{"rendered":"Castagn\u00e9 incurri\u00f3 en violencia pol\u00edtica de g\u00e9nero"},"content":{"rendered":"<p>El empresario Arturo Castagn\u00e9 Couturier incurri\u00f3 en violencia pol\u00edtica debido a g\u00e9nero en contra de la gobernadora de Veracruz, Roc\u00edo Nahle Garc\u00eda.<\/p>\n<p>De acuerdo con un resolutivo judicial al que tuvo acceso este medio de comunicaci\u00f3n, se declar\u00f3 que el demandado incurri\u00f3 en conductas il\u00edcitas que produjeron un da\u00f1o moral a la mandataria estatal cuando era candidata a la gubernatura.<\/p>\n<p>\u201cSe declara que el demandado Arturo Castagn\u00e9 Couturier, incurri\u00f3 en conductas il\u00edcitas que produjeron un da\u00f1o moral a la ciudadana Norma Roc\u00edo Nahle Garc\u00eda, por los motivos expuestos en el considerando IV de esta sentencia\u201d.<\/p>\n<p>La sentencia judicial conden\u00f3 al empresario al pago de una indemnizaci\u00f3n consistente en 50 mil veces el salario m\u00ednimo, por concepto de reparaci\u00f3n del da\u00f1o, mismo que deber\u00e1 realizar dentro de los cinco d\u00edas siguientes a que cause estado la presente sentencia.<\/p>\n<p>\u201cSe condena al demandado Arturo Castagn\u00e9 Couturier, a la publicaci\u00f3n de un extracto del presente fallo y sus puntos resolutivos, en los mismos medios en donde difundi\u00f3 la informaci\u00f3n y las opiniones de la ciudadana Norma Roc\u00edo Nahle Garc\u00eda\u201d, se lee en la resoluci\u00f3n.<\/p>\n<p>Cabe recordar que el empresario hizo se\u00f1alamientos contra Roc\u00edo Nahle desde su cuenta de X, lo que la entonces candidata del Movimiento de Regeneraci\u00f3n Nacional (Morena) consider\u00f3 una campa\u00f1a de desprestigio en su contra orquestada por el candidato de oposici\u00f3n Jos\u00e9 Francisco Yunes Zorrilla.<\/p>\n","protected":false},"excerpt":{"rendered":"<p>El empresario Arturo Castagn\u00e9 Couturier incurri\u00f3 en violencia pol\u00edtica debido a g\u00e9nero en contra de la gobernadora de Veracruz, Roc\u00edo<\/p>\n","protected":false},"author":4,"featured_media":52439,"comment_status":"closed","ping_status":"closed","sticky":false,"template":"","format":"standard","meta":{"colormag_page_container_layout":"default_layout","colormag_page_sidebar_layout":"default_layout","_jetpack_memberships_contains_paid_content":false,"footnotes":"","jetpack_publicize_message":"","jetpack_publicize_feature_enabled":true,"jetpack_social_post_already_shared":true,"jetpack_social_options":{"image_generator_settings":{"template":"highway","default_image_id":0,"font":"","enabled":false},"version":2}},"categories":[356],"tags":[],"class_list":["post-52438","post","type-post","status-publish","format-standard","has-post-thumbnail","hentry","category-veracruz"],"jetpack_publicize_connections":[],"jetpack_featured_media_url":"https:\/\/noticiasveracruz.com\/wp-content\/uploads\/2025\/03\/10c-2.jpg","jetpack_sharing_enabled":true,"publishpress_future_action":{"enabled":false,"date":"2026-05-07 04:04:29","action":"change-status","newStatus":"draft","terms":[],"taxonomy":"category","extraData":[]},"publishpress_future_workflow_manual_trigger":{"enabledWorkflows":[]},"_links":{"self":[{"href":"https:\/\/noticiasveracruz.com\/index.php\/wp-json\/wp\/v2\/posts\/52438","targetHints":{"allow":["GET"]}}],"collection":[{"href":"https:\/\/noticiasveracruz.com\/index.php\/wp-json\/wp\/v2\/posts"}],"about":[{"href":"https:\/\/noticiasveracruz.com\/index.php\/wp-json\/wp\/v2\/types\/post"}],"author":[{"embeddable":true,"href":"https:\/\/noticiasveracruz.com\/index.php\/wp-json\/wp\/v2\/users\/4"}],"replies":[{"embeddable":true,"href":"https:\/\/noticiasveracruz.com\/index.php\/wp-json\/wp\/v2\/comments?post=52438"}],"version-history":[{"count":0,"href":"https:\/\/noticiasveracruz.com\/index.php\/wp-json\/wp\/v2\/posts\/52438\/revisions"}],"wp:featuredmedia":[{"embeddable":true,"href":"https:\/\/noticiasveracruz.com\/index.php\/wp-json\/wp\/v2\/media\/52439"}],"wp:attachment":[{"href":"https:\/\/noticiasveracruz.com\/index.php\/wp-json\/wp\/v2\/media?parent=52438"}],"wp:term":[{"taxonomy":"category","embeddable":true,"href":"https:\/\/noticiasveracruz.com\/index.php\/wp-json\/wp\/v2\/categories?post=52438"},{"taxonomy":"post_tag","embeddable":true,"href":"https:\/\/noticiasveracruz.com\/index.php\/wp-json\/wp\/v2\/tags?post=52438"}],"curies":[{"name":"wp","href":"https:\/\/api.w.org\/{rel}","templated":true}]}}