{"id":52429,"date":"2025-03-17T00:01:22","date_gmt":"2025-03-17T06:01:22","guid":{"rendered":"https:\/\/noticiasveracruz.com\/?p=52429"},"modified":"2025-03-16T20:31:41","modified_gmt":"2025-03-17T02:31:41","slug":"asiste-nahle-al-informe-de-gobierno-de-americo-villarreal","status":"publish","type":"post","link":"https:\/\/noticiasveracruz.com\/index.php\/2025\/03\/17\/asiste-nahle-al-informe-de-gobierno-de-americo-villarreal\/","title":{"rendered":"Asiste Nahle al Informe de Gobierno de Am\u00e9rico Villarreal"},"content":{"rendered":"<p>La gobernadora, Roc\u00edo Nahle Garc\u00eda, asisti\u00f3 al Tercer Informe de Gobierno de su hom\u00f3logo de Tamaulipas, Am\u00e9rico Villarreal Anaya, con quien mantiene una relaci\u00f3n de cooperaci\u00f3n en beneficio de ambas entidades, especialmente en la zona fronteriza que comparten.<\/p>\n<p>La coordinaci\u00f3n entre estados vecinos ha sido clave para fortalecer la seguridad, el desarrollo econ\u00f3mico y la conectividad en la regi\u00f3n, en este marco, ayer la Mandataria veracruzana firm\u00f3 un convenio de colaboraci\u00f3n con sus hom\u00f3logos de Oaxaca, Salom\u00f3n Jara Cruz, y Puebla, Alejandro Armenta Mier, quienes tambi\u00e9n asistieron al Informe de Villarreal Anaya.<\/p>\n<p>El evento se llev\u00f3 a cabo en el Centro de Convenciones Expo Tampico, donde el Gobernador de Tamaulipas dio la bienvenida a Roc\u00edo Nahle y reconoci\u00f3 su presencia como parte del trabajo conjunto entre ambas administraciones.<\/p>\n<p>Durante la jornada, la Jefa del Ejecutivo salud\u00f3 a la secretaria Anticorrupci\u00f3n y Buen Gobierno de la Federaci\u00f3n, Raquel Buenrostro S\u00e1nchez, representante de la presidenta Claudia Sheinbaum Pardo, as\u00ed como al coordinador de Asesores de la Presidencia, Jes\u00fas Ram\u00edrez Cuevas.<\/p>\n","protected":false},"excerpt":{"rendered":"<p>La gobernadora, Roc\u00edo Nahle Garc\u00eda, asisti\u00f3 al Tercer Informe de Gobierno de su hom\u00f3logo de Tamaulipas, Am\u00e9rico Villarreal Anaya, con<\/p>\n","protected":false},"author":4,"featured_media":52430,"comment_status":"closed","ping_status":"closed","sticky":false,"template":"","format":"standard","meta":{"colormag_page_container_layout":"default_layout","colormag_page_sidebar_layout":"default_layout","_jetpack_memberships_contains_paid_content":false,"footnotes":"","jetpack_publicize_message":"","jetpack_publicize_feature_enabled":true,"jetpack_social_post_already_shared":true,"jetpack_social_options":{"image_generator_settings":{"template":"highway","default_image_id":0,"font":"","enabled":false},"version":2}},"categories":[356],"tags":[],"class_list":["post-52429","post","type-post","status-publish","format-standard","has-post-thumbnail","hentry","category-veracruz"],"jetpack_publicize_connections":[],"jetpack_featured_media_url":"https:\/\/noticiasveracruz.com\/wp-content\/uploads\/2025\/03\/9a-8-scaled.jpg","jetpack_sharing_enabled":true,"publishpress_future_action":{"enabled":false,"date":"2026-05-07 10:24:25","action":"change-status","newStatus":"draft","terms":[],"taxonomy":"category","extraData":[]},"publishpress_future_workflow_manual_trigger":{"enabledWorkflows":[]},"_links":{"self":[{"href":"https:\/\/noticiasveracruz.com\/index.php\/wp-json\/wp\/v2\/posts\/52429","targetHints":{"allow":["GET"]}}],"collection":[{"href":"https:\/\/noticiasveracruz.com\/index.php\/wp-json\/wp\/v2\/posts"}],"about":[{"href":"https:\/\/noticiasveracruz.com\/index.php\/wp-json\/wp\/v2\/types\/post"}],"author":[{"embeddable":true,"href":"https:\/\/noticiasveracruz.com\/index.php\/wp-json\/wp\/v2\/users\/4"}],"replies":[{"embeddable":true,"href":"https:\/\/noticiasveracruz.com\/index.php\/wp-json\/wp\/v2\/comments?post=52429"}],"version-history":[{"count":0,"href":"https:\/\/noticiasveracruz.com\/index.php\/wp-json\/wp\/v2\/posts\/52429\/revisions"}],"wp:featuredmedia":[{"embeddable":true,"href":"https:\/\/noticiasveracruz.com\/index.php\/wp-json\/wp\/v2\/media\/52430"}],"wp:attachment":[{"href":"https:\/\/noticiasveracruz.com\/index.php\/wp-json\/wp\/v2\/media?parent=52429"}],"wp:term":[{"taxonomy":"category","embeddable":true,"href":"https:\/\/noticiasveracruz.com\/index.php\/wp-json\/wp\/v2\/categories?post=52429"},{"taxonomy":"post_tag","embeddable":true,"href":"https:\/\/noticiasveracruz.com\/index.php\/wp-json\/wp\/v2\/tags?post=52429"}],"curies":[{"name":"wp","href":"https:\/\/api.w.org\/{rel}","templated":true}]}}