{"id":52405,"date":"2025-03-15T00:41:29","date_gmt":"2025-03-15T06:41:29","guid":{"rendered":"https:\/\/noticiasveracruz.com\/?p=52405"},"modified":"2025-03-15T00:41:29","modified_gmt":"2025-03-15T06:41:29","slug":"estados-unidos-declara-persona-non-grata-al-embajador-de-sudafrica","status":"publish","type":"post","link":"https:\/\/noticiasveracruz.com\/index.php\/2025\/03\/15\/estados-unidos-declara-persona-non-grata-al-embajador-de-sudafrica\/","title":{"rendered":"Estados Unidos declara persona non grata al embajador de Sud\u00e1frica"},"content":{"rendered":"<p>El secretario de Estado estadounidense, Marco Rubio, declar\u00f3 el viernes a Ebrahim Rasool, embajador de Sud\u00e1frica en Estados Unidos, persona non grata, y llam\u00f3 al enviado un \u00abpol\u00edtico que incita al racismo\u00bb que odia a Estados Unidos y al presidente Donald Trump.<\/p>\n<p>\u00abEl embajador de Sud\u00e1frica en Estados Unidos ya no es bienvenido en nuestro gran pa\u00eds\u00bb, declar\u00f3 Rubio en una publicaci\u00f3n en la red social X. \u00abNo tenemos nada que discutir con \u00e9l, por lo que se le considera persona non grata\u00bb, a\u00f1adi\u00f3.<\/p>\n<p>Rasool hab\u00eda presentado sus cartas credenciales al expresidente Joe Biden el 13 de enero, marcando el inicio del mandato del enviado, seg\u00fan el sitio web de la embajada de Sud\u00e1frica, que dijo que este era el segundo per\u00edodo de Rasool en Washington.<\/p>\n<p>El Departamento de Estado de Estados Unidos y la embajada de Sud\u00e1frica en Washington no respondieron de inmediato a las solicitudes de comentarios.<\/p>\n<p>Los lazos entre Estados Unidos y Sud\u00e1frica se han deteriorado desde que Trump recort\u00f3 la ayuda financiera estadunidense al pa\u00eds, citando la desaprobaci\u00f3n de su pol\u00edtica territorial y de su caso de genocidio en la Corte Internacional de Justicia contra Israel, aliado de Washington.<\/p>\n<p>Trump ha dicho, sin citar pruebas, que \u00abSud\u00e1frica est\u00e1 confiscando tierras\u00bb y que \u00abciertas clases de personas\u00bb est\u00e1n siendo tratadas \u00abmuy mal\u00bb.<\/p>\n<p>El multimillonario sudafricano Elon Musk, cercano a Trump, ha dicho que los sudafricanos blancos han sido v\u00edctimas de \u00ableyes de propiedad racistas\u00bb.<\/p>\n<p>El presidente sudafricano Cyril Ramaphosa promulg\u00f3 en enero una ley que facilita al Estado la expropiaci\u00f3n de tierras en beneficio del inter\u00e9s p\u00fablico, en algunos casos sin indemnizar al propietario.<\/p>\n<p>Ramaphosa ha defendido la pol\u00edtica y ha afirmado que el gobierno no ha confiscado ninguna tierra. La pol\u00edtica buscaba igualar las disparidades raciales en la propiedad de la tierra en este pa\u00eds de mayor\u00eda negra, afirm\u00f3.<\/p>\n","protected":false},"excerpt":{"rendered":"<p>El secretario de Estado estadounidense, Marco Rubio, declar\u00f3 el viernes a Ebrahim Rasool, embajador de Sud\u00e1frica en Estados Unidos, persona<\/p>\n","protected":false},"author":4,"featured_media":52406,"comment_status":"closed","ping_status":"closed","sticky":false,"template":"","format":"standard","meta":{"colormag_page_container_layout":"default_layout","colormag_page_sidebar_layout":"default_layout","_jetpack_memberships_contains_paid_content":false,"footnotes":"","jetpack_publicize_message":"","jetpack_publicize_feature_enabled":true,"jetpack_social_post_already_shared":true,"jetpack_social_options":{"image_generator_settings":{"template":"highway","default_image_id":0,"font":"","enabled":false},"version":2}},"categories":[355],"tags":[],"class_list":["post-52405","post","type-post","status-publish","format-standard","has-post-thumbnail","hentry","category-internacional"],"jetpack_publicize_connections":[],"jetpack_featured_media_url":"https:\/\/noticiasveracruz.com\/wp-content\/uploads\/2025\/03\/EBR.jpg","jetpack_sharing_enabled":true,"publishpress_future_action":{"enabled":false,"date":"2026-05-06 22:22:38","action":"change-status","newStatus":"draft","terms":[],"taxonomy":"category","extraData":[]},"publishpress_future_workflow_manual_trigger":{"enabledWorkflows":[]},"_links":{"self":[{"href":"https:\/\/noticiasveracruz.com\/index.php\/wp-json\/wp\/v2\/posts\/52405","targetHints":{"allow":["GET"]}}],"collection":[{"href":"https:\/\/noticiasveracruz.com\/index.php\/wp-json\/wp\/v2\/posts"}],"about":[{"href":"https:\/\/noticiasveracruz.com\/index.php\/wp-json\/wp\/v2\/types\/post"}],"author":[{"embeddable":true,"href":"https:\/\/noticiasveracruz.com\/index.php\/wp-json\/wp\/v2\/users\/4"}],"replies":[{"embeddable":true,"href":"https:\/\/noticiasveracruz.com\/index.php\/wp-json\/wp\/v2\/comments?post=52405"}],"version-history":[{"count":0,"href":"https:\/\/noticiasveracruz.com\/index.php\/wp-json\/wp\/v2\/posts\/52405\/revisions"}],"wp:featuredmedia":[{"embeddable":true,"href":"https:\/\/noticiasveracruz.com\/index.php\/wp-json\/wp\/v2\/media\/52406"}],"wp:attachment":[{"href":"https:\/\/noticiasveracruz.com\/index.php\/wp-json\/wp\/v2\/media?parent=52405"}],"wp:term":[{"taxonomy":"category","embeddable":true,"href":"https:\/\/noticiasveracruz.com\/index.php\/wp-json\/wp\/v2\/categories?post=52405"},{"taxonomy":"post_tag","embeddable":true,"href":"https:\/\/noticiasveracruz.com\/index.php\/wp-json\/wp\/v2\/tags?post=52405"}],"curies":[{"name":"wp","href":"https:\/\/api.w.org\/{rel}","templated":true}]}}