{"id":52402,"date":"2025-03-15T00:40:04","date_gmt":"2025-03-15T06:40:04","guid":{"rendered":"https:\/\/noticiasveracruz.com\/?p=52402"},"modified":"2025-03-15T00:40:04","modified_gmt":"2025-03-15T06:40:04","slug":"cuba-registra-un-nuevo-apagon-generalizado","status":"publish","type":"post","link":"https:\/\/noticiasveracruz.com\/index.php\/2025\/03\/15\/cuba-registra-un-nuevo-apagon-generalizado\/","title":{"rendered":"Cuba registra un nuevo apag\u00f3n generalizado"},"content":{"rendered":"<p>Cuba sufre la noche del viernes un nuevo apag\u00f3n general provocado por una aver\u00eda en su sistema nacional de electricidad, inform\u00f3 el Ministerio de Energ\u00eda y Minas.<\/p>\n<p>\u00abAlrededor de las 20:15 horas de esta noche, una aver\u00eda (&#8230;) provoc\u00f3 la perdida importante de generaci\u00f3n en el occidente de Cuba y con ello la ca\u00edda del Sistema El\u00e9ctrico Nacional\u00bb, inform\u00f3 el Ministerio en un su cuenta de la red social X.<\/p>\n<p>&nbsp;<\/p>\n","protected":false},"excerpt":{"rendered":"<p>Cuba sufre la noche del viernes un nuevo apag\u00f3n general provocado por una aver\u00eda en su sistema nacional de electricidad,<\/p>\n","protected":false},"author":4,"featured_media":52403,"comment_status":"closed","ping_status":"closed","sticky":false,"template":"","format":"standard","meta":{"colormag_page_container_layout":"default_layout","colormag_page_sidebar_layout":"default_layout","_jetpack_memberships_contains_paid_content":false,"footnotes":"","jetpack_publicize_message":"","jetpack_publicize_feature_enabled":true,"jetpack_social_post_already_shared":true,"jetpack_social_options":{"image_generator_settings":{"template":"highway","default_image_id":0,"font":"","enabled":false},"version":2}},"categories":[355],"tags":[],"class_list":["post-52402","post","type-post","status-publish","format-standard","has-post-thumbnail","hentry","category-internacional"],"jetpack_publicize_connections":[],"jetpack_featured_media_url":"https:\/\/noticiasveracruz.com\/wp-content\/uploads\/2025\/03\/CUB-1.jpg","jetpack_sharing_enabled":true,"publishpress_future_action":{"enabled":false,"date":"2026-05-06 21:35:23","action":"change-status","newStatus":"draft","terms":[],"taxonomy":"category","extraData":[]},"publishpress_future_workflow_manual_trigger":{"enabledWorkflows":[]},"_links":{"self":[{"href":"https:\/\/noticiasveracruz.com\/index.php\/wp-json\/wp\/v2\/posts\/52402","targetHints":{"allow":["GET"]}}],"collection":[{"href":"https:\/\/noticiasveracruz.com\/index.php\/wp-json\/wp\/v2\/posts"}],"about":[{"href":"https:\/\/noticiasveracruz.com\/index.php\/wp-json\/wp\/v2\/types\/post"}],"author":[{"embeddable":true,"href":"https:\/\/noticiasveracruz.com\/index.php\/wp-json\/wp\/v2\/users\/4"}],"replies":[{"embeddable":true,"href":"https:\/\/noticiasveracruz.com\/index.php\/wp-json\/wp\/v2\/comments?post=52402"}],"version-history":[{"count":0,"href":"https:\/\/noticiasveracruz.com\/index.php\/wp-json\/wp\/v2\/posts\/52402\/revisions"}],"wp:featuredmedia":[{"embeddable":true,"href":"https:\/\/noticiasveracruz.com\/index.php\/wp-json\/wp\/v2\/media\/52403"}],"wp:attachment":[{"href":"https:\/\/noticiasveracruz.com\/index.php\/wp-json\/wp\/v2\/media?parent=52402"}],"wp:term":[{"taxonomy":"category","embeddable":true,"href":"https:\/\/noticiasveracruz.com\/index.php\/wp-json\/wp\/v2\/categories?post=52402"},{"taxonomy":"post_tag","embeddable":true,"href":"https:\/\/noticiasveracruz.com\/index.php\/wp-json\/wp\/v2\/tags?post=52402"}],"curies":[{"name":"wp","href":"https:\/\/api.w.org\/{rel}","templated":true}]}}