{"id":52375,"date":"2025-03-15T00:16:47","date_gmt":"2025-03-15T06:16:47","guid":{"rendered":"https:\/\/noticiasveracruz.com\/?p=52375"},"modified":"2025-03-15T00:16:47","modified_gmt":"2025-03-15T06:16:47","slug":"condenan-a-89-anos-de-carcel-por-secuestro-a-hermana-de-xochitl-galvez","status":"publish","type":"post","link":"https:\/\/noticiasveracruz.com\/index.php\/2025\/03\/15\/condenan-a-89-anos-de-carcel-por-secuestro-a-hermana-de-xochitl-galvez\/","title":{"rendered":"Condenan a 89 a\u00f1os de c\u00e1rcel por secuestro a hermana de X\u00f3chitl G\u00e1lvez"},"content":{"rendered":"<p class=\"nota-justify\">Una juez de distrito en materia penal, conden\u00f3 a 89 a\u00f1os de prisi\u00f3n, por el delito de secuestro, a la hermana de la ex candidata a la Presidencia de la Rep\u00fablica por la coalici\u00f3n de derecha, \u201cFuerza y Coraz\u00f3n por M\u00e9xico\u201d X\u00f3chitl G\u00e1lvez.<\/p>\n<p class=\"nota-justify\">La Fiscal\u00eda General de la Rep\u00fablica fue notificada el pasado tres de marzo de que la juez, Mariana Vieryra Vald\u00e9s dict\u00f3 sentencia condenatoria contra Jacqueline Malinali G\u00e1lvez Ruiz, alias \u201cMali\u201d o \u201cMadrina\u201d, por su responsabilidad penal en la comisi\u00f3n de los delitos de Delincuencia Organizada, Secuestro en agravio de dos v\u00edctimas y Posesi\u00f3n de Cartuchos para armas de fuego del uso exclusivo del Ej\u00e9rcito y le impuso una pena de 89 a\u00f1os de prisi\u00f3n y una multa de 12 mil 437 d\u00edas, m\u00e1s de 700 mil pesos.<\/p>\n<p class=\"nota-justify\">La hermana de la candidata a la Presidencia de la Rep\u00fablica por la coalici\u00f3n de derecha que conformaron los partidos PAN, PRI y PRD, formaba parte de una organizaci\u00f3n delictiva conocida como \u201cLos Telmex\u201d dedicada principalmente al secuestro.<\/p>\n<p class=\"nota-justify\">Ese grupo delictivo trabajaba con el apoyo de otras dos organizaciones a las se les denominaba \u201cLos Perros\u201d y \u201cLos Cancunes\u201d y desarrollaban su labor ilegal en centros de operaci\u00f3n localizados en la Ciudad de M\u00e9xico y el Estado de M\u00e9xico.<\/p>\n<p class=\"nota-justify\">Las investigaciones realzadas sobre el caso arrojaron datos del trato que estos grupos de secuestro daban a sus v\u00edctimas. Una que los caracterizaba era que manten\u00edan a sus v\u00edctimas dentro de una jaula de metal en una casa de seguridad ubicada en el municipio de Toluca, en el Estado de M\u00e9xico.<\/p>\n<p class=\"nota-justify\">En sus declaraciones, la hermana de la que fuera militante de Acci\u00f3n Nacional, acept\u00f3 haber utilizado los contactos y el nombre de su hermana X\u00f3chitl, candidata de la alianza de derecha ya mencionada para atraer a sus v\u00edctimas, entre ellas a la se\u00f1ora Marcela N y a su chofer Rodolfo, quienes fueron privados de su libertad el 22 de mayo del 2012, en Ciudad Labor, Tultitlan, Estado de M\u00e9xico, en un domicilio al que llegaron gracias a la invitacI\u00f3n de la inculpada.<\/p>\n<p class=\"nota-justify\">Casi un mes despu\u00e9s fueron finalmente liberados gracias a un operativo realizado por la entonces Polic\u00eda Federal. En el lugar se asegur\u00f3 en flagrancia, entre otros a Jacqueline Malinali, quien ya hab\u00eda recibido m\u00e1s de dos millones de pesos por la liberaci\u00f3n de las v\u00edctimas, adem\u00e1s de alhajas.<\/p>\n<p class=\"nota-justify\">El 25 de julio del 2012 se ejerci\u00f3 acci\u00f3n penal en contra de la se\u00f1ora Jaqueline G\u00e1lvez y qued\u00f3 recluida en el Centro Estatal Femenil Cieneguillas, en el estado de Zacatecas, donde permanece.<\/p>\n","protected":false},"excerpt":{"rendered":"<p>Una juez de distrito en materia penal, conden\u00f3 a 89 a\u00f1os de prisi\u00f3n, por el delito de secuestro, a la<\/p>\n","protected":false},"author":4,"featured_media":52376,"comment_status":"closed","ping_status":"closed","sticky":false,"template":"","format":"standard","meta":{"colormag_page_container_layout":"default_layout","colormag_page_sidebar_layout":"default_layout","_jetpack_memberships_contains_paid_content":false,"footnotes":"","jetpack_publicize_message":"","jetpack_publicize_feature_enabled":true,"jetpack_social_post_already_shared":true,"jetpack_social_options":{"image_generator_settings":{"template":"highway","default_image_id":0,"font":"","enabled":false},"version":2}},"categories":[4],"tags":[],"class_list":["post-52375","post","type-post","status-publish","format-standard","has-post-thumbnail","hentry","category-nacional"],"jetpack_publicize_connections":[],"jetpack_featured_media_url":"https:\/\/noticiasveracruz.com\/wp-content\/uploads\/2025\/03\/XCVB.jpg","jetpack_sharing_enabled":true,"publishpress_future_action":{"enabled":false,"date":"2026-05-08 07:56:11","action":"change-status","newStatus":"draft","terms":[],"taxonomy":"category","extraData":[]},"publishpress_future_workflow_manual_trigger":{"enabledWorkflows":[]},"_links":{"self":[{"href":"https:\/\/noticiasveracruz.com\/index.php\/wp-json\/wp\/v2\/posts\/52375","targetHints":{"allow":["GET"]}}],"collection":[{"href":"https:\/\/noticiasveracruz.com\/index.php\/wp-json\/wp\/v2\/posts"}],"about":[{"href":"https:\/\/noticiasveracruz.com\/index.php\/wp-json\/wp\/v2\/types\/post"}],"author":[{"embeddable":true,"href":"https:\/\/noticiasveracruz.com\/index.php\/wp-json\/wp\/v2\/users\/4"}],"replies":[{"embeddable":true,"href":"https:\/\/noticiasveracruz.com\/index.php\/wp-json\/wp\/v2\/comments?post=52375"}],"version-history":[{"count":0,"href":"https:\/\/noticiasveracruz.com\/index.php\/wp-json\/wp\/v2\/posts\/52375\/revisions"}],"wp:featuredmedia":[{"embeddable":true,"href":"https:\/\/noticiasveracruz.com\/index.php\/wp-json\/wp\/v2\/media\/52376"}],"wp:attachment":[{"href":"https:\/\/noticiasveracruz.com\/index.php\/wp-json\/wp\/v2\/media?parent=52375"}],"wp:term":[{"taxonomy":"category","embeddable":true,"href":"https:\/\/noticiasveracruz.com\/index.php\/wp-json\/wp\/v2\/categories?post=52375"},{"taxonomy":"post_tag","embeddable":true,"href":"https:\/\/noticiasveracruz.com\/index.php\/wp-json\/wp\/v2\/tags?post=52375"}],"curies":[{"name":"wp","href":"https:\/\/api.w.org\/{rel}","templated":true}]}}