{"id":52372,"date":"2025-03-15T00:13:54","date_gmt":"2025-03-15T06:13:54","guid":{"rendered":"https:\/\/noticiasveracruz.com\/?p=52372"},"modified":"2025-03-15T00:13:54","modified_gmt":"2025-03-15T06:13:54","slug":"dialogara-sheinbaum-con-maestros-de-la-cnte-sobre-reforma-a-ley-del-issste","status":"publish","type":"post","link":"https:\/\/noticiasveracruz.com\/index.php\/2025\/03\/15\/dialogara-sheinbaum-con-maestros-de-la-cnte-sobre-reforma-a-ley-del-issste\/","title":{"rendered":"Dialogar\u00e1 Sheinbaum con maestros de la CNTE sobre reforma a ley del Issste"},"content":{"rendered":"<p>La presidenta Claudia Sheinbaum acord\u00f3 este viernes con los maestros de la Secci\u00f3n 7 del Sindicato Nacional de Trabajadores de la Educaci\u00f3n (SNTE), perteneciente a la Coordinadora Nacional de Trabajadores de la Educaci\u00f3n (CNTE) que los recibir\u00e1 el martes a mediod\u00eda para escuchar sus inconformidades sobre la iniciativa de reforma a ley del Instituto de Seguridad y Servicios Sociales de los Trabajadores del Estado (ISSSTE).<\/p>\n<p>Alrededor de 300 docentes, encabezados por su dirigente estatal, Isael Gonz\u00e1lez V\u00e1zquez, interceptaron a la mandataria cuando viajaba en una carretera de terracer\u00eda, un kil\u00f3metro antes de llegar a la Universidad Nacional Rosario Castellanas que inaugur\u00f3 esta tarde.<\/p>\n<p>En el momento en el que el veh\u00edculo en el que iba la jefa del Ejecutivo pas\u00f3 por donde la esperaban los maestros y gritaban consignas, ella se baj\u00f3 y recibi\u00f3 un documento sobre sus demandas; Isael Gonz\u00e1lez le pidi\u00f3 la instalaci\u00f3n de una mesa de di\u00e1logo, a lo que Sheinbaum contest\u00f3 que los recibir\u00eda el martes y despu\u00e9s a los docentes de Oaxaca.<\/p>\n<p>Los inconformes aplaudieron a la Presidenta y le agradecieron que se halla bajado del veh\u00edculo para atenderlos; posteriormente, abrieron paso a ella y a su comitiva.<br \/>\nLa \u201cconcentraci\u00f3n pol\u00edtica\u201d fue convocada por la Secci\u00f3n 7 desde el mi\u00e9rcoles, con motivo de la presencia de Sheinbaum en Comit\u00e1n.<br \/>\nDesde hace varios d\u00edas la Secci\u00f3n 7 acord\u00f3 realizar un paro de labores los d\u00edas 19, 20 y 21 de este mes para exigir la instalaci\u00f3n de una mesa de di\u00e1logo con la mandataria, el retiro de la iniciativa de ley del ISSSTE y la abrogaci\u00f3n de la reforma educativa de 2007.<\/p>\n","protected":false},"excerpt":{"rendered":"<p>La presidenta Claudia Sheinbaum acord\u00f3 este viernes con los maestros de la Secci\u00f3n 7 del Sindicato Nacional de Trabajadores de<\/p>\n","protected":false},"author":4,"featured_media":52373,"comment_status":"closed","ping_status":"closed","sticky":false,"template":"","format":"standard","meta":{"colormag_page_container_layout":"default_layout","colormag_page_sidebar_layout":"default_layout","_jetpack_memberships_contains_paid_content":false,"footnotes":"","jetpack_publicize_message":"","jetpack_publicize_feature_enabled":true,"jetpack_social_post_already_shared":true,"jetpack_social_options":{"image_generator_settings":{"template":"highway","default_image_id":0,"font":"","enabled":false},"version":2}},"categories":[4],"tags":[],"class_list":["post-52372","post","type-post","status-publish","format-standard","has-post-thumbnail","hentry","category-nacional"],"jetpack_publicize_connections":[],"jetpack_featured_media_url":"https:\/\/noticiasveracruz.com\/wp-content\/uploads\/2025\/03\/Claudia-Sheinbaum-recibiria-a-maestros-para-explicar-reforma-a-la-Ley-del-ISSSTE-1024x576-1.jpg","jetpack_sharing_enabled":true,"publishpress_future_action":{"enabled":false,"date":"2026-05-08 07:29:37","action":"change-status","newStatus":"draft","terms":[],"taxonomy":"category","extraData":[]},"publishpress_future_workflow_manual_trigger":{"enabledWorkflows":[]},"_links":{"self":[{"href":"https:\/\/noticiasveracruz.com\/index.php\/wp-json\/wp\/v2\/posts\/52372","targetHints":{"allow":["GET"]}}],"collection":[{"href":"https:\/\/noticiasveracruz.com\/index.php\/wp-json\/wp\/v2\/posts"}],"about":[{"href":"https:\/\/noticiasveracruz.com\/index.php\/wp-json\/wp\/v2\/types\/post"}],"author":[{"embeddable":true,"href":"https:\/\/noticiasveracruz.com\/index.php\/wp-json\/wp\/v2\/users\/4"}],"replies":[{"embeddable":true,"href":"https:\/\/noticiasveracruz.com\/index.php\/wp-json\/wp\/v2\/comments?post=52372"}],"version-history":[{"count":0,"href":"https:\/\/noticiasveracruz.com\/index.php\/wp-json\/wp\/v2\/posts\/52372\/revisions"}],"wp:featuredmedia":[{"embeddable":true,"href":"https:\/\/noticiasveracruz.com\/index.php\/wp-json\/wp\/v2\/media\/52373"}],"wp:attachment":[{"href":"https:\/\/noticiasveracruz.com\/index.php\/wp-json\/wp\/v2\/media?parent=52372"}],"wp:term":[{"taxonomy":"category","embeddable":true,"href":"https:\/\/noticiasveracruz.com\/index.php\/wp-json\/wp\/v2\/categories?post=52372"},{"taxonomy":"post_tag","embeddable":true,"href":"https:\/\/noticiasveracruz.com\/index.php\/wp-json\/wp\/v2\/tags?post=52372"}],"curies":[{"name":"wp","href":"https:\/\/api.w.org\/{rel}","templated":true}]}}