{"id":52366,"date":"2025-03-15T00:10:02","date_gmt":"2025-03-15T06:10:02","guid":{"rendered":"https:\/\/noticiasveracruz.com\/?p=52366"},"modified":"2025-03-15T00:10:02","modified_gmt":"2025-03-15T06:10:02","slug":"se-hara-cargo-ine-de-actividades-de-eleccion-judicial-local-en-yucatan","status":"publish","type":"post","link":"https:\/\/noticiasveracruz.com\/index.php\/2025\/03\/15\/se-hara-cargo-ine-de-actividades-de-eleccion-judicial-local-en-yucatan\/","title":{"rendered":"Se har\u00e1 cargo INE de actividades de elecci\u00f3n judicial local en Yucat\u00e1n"},"content":{"rendered":"<p class=\"nota-justify\">En sesi\u00f3n extraordinaria urgente, el consejo general aprob\u00f3, por orden del Tribunal Electoral del Poder Judicial de la Federaci\u00f3n, incorporar a Yucat\u00e1n dentro de las actividades a cargo del INE para la organizaci\u00f3n de los procesos para la elecci\u00f3n de diversos cargos de los poderes judiciales locales.<\/p>\n<p class=\"nota-justify\">Con ello ser\u00e1n 19 entidades que el 1 de junio igualmente tengan elecci\u00f3n de personas juzgadoras de nivel local, aspecto que alert\u00f3 a los consejeros por la premura de tiempo y carencia de recursos tanto de los organismos p\u00fablicos locales electorales (Oples) como del propio INE.<\/p>\n<p class=\"nota-justify\">Aunque el INE no tuvo margen de maniobra para negarse, los consejeros hicieron \u00e9nfasis en que el instituto electoral de Yucat\u00e1n cerr\u00f3 el a\u00f1o pasado con un d\u00e9ficit presupuestal de 16.5 por ciento y el inicio del a\u00f1o en curso con recortes, as\u00ed como un adeudo de 1.8 millones al propio INE, para sufragar gastos de la contienda del a\u00f1o pasado.<\/p>\n<p class=\"nota-justify\">\u201cHago un llamado al Ejecutivo de Yucat\u00e1n para que otorgue los recursos requeridos\u201d, dijo el consejero Mart\u00edn Faz.<\/p>\n<p class=\"nota-justify\">Claudia Zavala subray\u00f3 que la falta de presupuesto \u201cque se da de manera generalizada en casi todos los organismos p\u00fablicos locales y en el propio INE \u00bfno est\u00e1n mermando esas garant\u00edas de legitimidad de los procesos electorales? Este tiempo va a ser muy reducido\u201d, igualmente para que la ciudadan\u00eda tenga un voto informado.<\/p>\n<p class=\"nota-justify\">Uuc-kib Espadas advirti\u00f3 que el \u00f3rgano electoral de Yucat\u00e1n tiene meses en zozobra financiera y ha tenido que subsistir y pagar la n\u00f3mina incluso tomando dinero de fondos para la participaci\u00f3n ciudadana.<\/p>\n","protected":false},"excerpt":{"rendered":"<p>En sesi\u00f3n extraordinaria urgente, el consejo general aprob\u00f3, por orden del Tribunal Electoral del Poder Judicial de la Federaci\u00f3n, incorporar<\/p>\n","protected":false},"author":4,"featured_media":52367,"comment_status":"closed","ping_status":"closed","sticky":false,"template":"","format":"standard","meta":{"colormag_page_container_layout":"default_layout","colormag_page_sidebar_layout":"default_layout","_jetpack_memberships_contains_paid_content":false,"footnotes":"","jetpack_publicize_message":"","jetpack_publicize_feature_enabled":true,"jetpack_social_post_already_shared":true,"jetpack_social_options":{"image_generator_settings":{"template":"highway","default_image_id":0,"font":"","enabled":false},"version":2}},"categories":[4],"tags":[],"class_list":["post-52366","post","type-post","status-publish","format-standard","has-post-thumbnail","hentry","category-nacional"],"jetpack_publicize_connections":[],"jetpack_featured_media_url":"https:\/\/noticiasveracruz.com\/wp-content\/uploads\/2025\/03\/N.jpg","jetpack_sharing_enabled":true,"publishpress_future_action":{"enabled":false,"date":"2026-05-08 05:53:33","action":"change-status","newStatus":"draft","terms":[],"taxonomy":"category","extraData":[]},"publishpress_future_workflow_manual_trigger":{"enabledWorkflows":[]},"_links":{"self":[{"href":"https:\/\/noticiasveracruz.com\/index.php\/wp-json\/wp\/v2\/posts\/52366","targetHints":{"allow":["GET"]}}],"collection":[{"href":"https:\/\/noticiasveracruz.com\/index.php\/wp-json\/wp\/v2\/posts"}],"about":[{"href":"https:\/\/noticiasveracruz.com\/index.php\/wp-json\/wp\/v2\/types\/post"}],"author":[{"embeddable":true,"href":"https:\/\/noticiasveracruz.com\/index.php\/wp-json\/wp\/v2\/users\/4"}],"replies":[{"embeddable":true,"href":"https:\/\/noticiasveracruz.com\/index.php\/wp-json\/wp\/v2\/comments?post=52366"}],"version-history":[{"count":0,"href":"https:\/\/noticiasveracruz.com\/index.php\/wp-json\/wp\/v2\/posts\/52366\/revisions"}],"wp:featuredmedia":[{"embeddable":true,"href":"https:\/\/noticiasveracruz.com\/index.php\/wp-json\/wp\/v2\/media\/52367"}],"wp:attachment":[{"href":"https:\/\/noticiasveracruz.com\/index.php\/wp-json\/wp\/v2\/media?parent=52366"}],"wp:term":[{"taxonomy":"category","embeddable":true,"href":"https:\/\/noticiasveracruz.com\/index.php\/wp-json\/wp\/v2\/categories?post=52366"},{"taxonomy":"post_tag","embeddable":true,"href":"https:\/\/noticiasveracruz.com\/index.php\/wp-json\/wp\/v2\/tags?post=52366"}],"curies":[{"name":"wp","href":"https:\/\/api.w.org\/{rel}","templated":true}]}}