{"id":52363,"date":"2025-03-15T00:04:20","date_gmt":"2025-03-15T06:04:20","guid":{"rendered":"https:\/\/noticiasveracruz.com\/?p=52363"},"modified":"2025-03-15T00:01:05","modified_gmt":"2025-03-15T06:01:05","slug":"podran-votar-3-mil-90-personas-en-prision","status":"publish","type":"post","link":"https:\/\/noticiasveracruz.com\/index.php\/2025\/03\/15\/podran-votar-3-mil-90-personas-en-prision\/","title":{"rendered":"Podr\u00e1n votar 3 mil 90 personas en prisi\u00f3n"},"content":{"rendered":"<p>Ser\u00e1n 3 mil 90 personas en prisi\u00f3n preventiva, quienes tienen vigentes sus derechos pol\u00edticos-electorales, las que podr\u00e1n votar en la pr\u00f3xima elecci\u00f3n de presidentes municipales, inform\u00f3 el vocal del Registro Federal de Electores (RFE), Sergio Vera Olvera.<\/p>\n<p>Se trata de personas que no han sido sentenciadas y por ende no les han sido suspendidos sus derechos civiles y quienes solicitaron su inscripci\u00f3n a la lista nominal.<\/p>\n<p>Sergio Vera indic\u00f3 que se encuentran recluidos en los 17 penales del estado, as\u00ed como el federal de Villa Aldama, y podr\u00e1n votar a favor de los candidatos del municipio donde est\u00e1 asentado el penal.<\/p>\n<p>Para ello, explic\u00f3, se llevar\u00e1 el voto anticipado a las prisiones del 14 al 21 de mayo.<\/p>\n<p>El funcionario electoral dijo que el n\u00famero de personas podr\u00eda cambiar, pues a la fecha de la votaci\u00f3n anticipada pudieran recibir sentencia, obtener su libertad o modificar la medida cautelar a prisi\u00f3n domiciliaria.<\/p>\n<p>Inform\u00f3 que el jueves entregaron a las autoridades de la Secretar\u00eda de Seguridad P\u00fablica la lista actualizada para verificar si alguno de los internos ha cambiado de situaci\u00f3n jur\u00eddica.<\/p>\n<p>Y aunque, en un principio se estimaba que ser\u00edan 4 mil 90 personas en prisi\u00f3n preventiva, se detectaron inconsistencias, como el hecho de que 17 personas no llamaban como dec\u00edan que se llamaban.<\/p>\n<p>Finalmente, dijo, se hizo una depuraci\u00f3n del Padr\u00f3n Electoral basada en el cotejo de datos biom\u00e9tricos, que disminuy\u00f3 en mil potenciales votantes.<\/p>\n","protected":false},"excerpt":{"rendered":"<p>Ser\u00e1n 3 mil 90 personas en prisi\u00f3n preventiva, quienes tienen vigentes sus derechos pol\u00edticos-electorales, las que podr\u00e1n votar en la<\/p>\n","protected":false},"author":4,"featured_media":52364,"comment_status":"closed","ping_status":"closed","sticky":false,"template":"","format":"standard","meta":{"colormag_page_container_layout":"default_layout","colormag_page_sidebar_layout":"default_layout","_jetpack_memberships_contains_paid_content":false,"footnotes":"","jetpack_publicize_message":"","jetpack_publicize_feature_enabled":true,"jetpack_social_post_already_shared":true,"jetpack_social_options":{"image_generator_settings":{"template":"highway","default_image_id":0,"font":"","enabled":false},"version":2}},"categories":[356],"tags":[],"class_list":["post-52363","post","type-post","status-publish","format-standard","has-post-thumbnail","hentry","category-veracruz"],"jetpack_publicize_connections":[],"jetpack_featured_media_url":"https:\/\/noticiasveracruz.com\/wp-content\/uploads\/2025\/03\/10c-1.jpg","jetpack_sharing_enabled":true,"publishpress_future_action":{"enabled":false,"date":"2026-05-08 05:10:19","action":"change-status","newStatus":"draft","terms":[],"taxonomy":"category","extraData":[]},"publishpress_future_workflow_manual_trigger":{"enabledWorkflows":[]},"_links":{"self":[{"href":"https:\/\/noticiasveracruz.com\/index.php\/wp-json\/wp\/v2\/posts\/52363","targetHints":{"allow":["GET"]}}],"collection":[{"href":"https:\/\/noticiasveracruz.com\/index.php\/wp-json\/wp\/v2\/posts"}],"about":[{"href":"https:\/\/noticiasveracruz.com\/index.php\/wp-json\/wp\/v2\/types\/post"}],"author":[{"embeddable":true,"href":"https:\/\/noticiasveracruz.com\/index.php\/wp-json\/wp\/v2\/users\/4"}],"replies":[{"embeddable":true,"href":"https:\/\/noticiasveracruz.com\/index.php\/wp-json\/wp\/v2\/comments?post=52363"}],"version-history":[{"count":0,"href":"https:\/\/noticiasveracruz.com\/index.php\/wp-json\/wp\/v2\/posts\/52363\/revisions"}],"wp:featuredmedia":[{"embeddable":true,"href":"https:\/\/noticiasveracruz.com\/index.php\/wp-json\/wp\/v2\/media\/52364"}],"wp:attachment":[{"href":"https:\/\/noticiasveracruz.com\/index.php\/wp-json\/wp\/v2\/media?parent=52363"}],"wp:term":[{"taxonomy":"category","embeddable":true,"href":"https:\/\/noticiasveracruz.com\/index.php\/wp-json\/wp\/v2\/categories?post=52363"},{"taxonomy":"post_tag","embeddable":true,"href":"https:\/\/noticiasveracruz.com\/index.php\/wp-json\/wp\/v2\/tags?post=52363"}],"curies":[{"name":"wp","href":"https:\/\/api.w.org\/{rel}","templated":true}]}}