{"id":52345,"date":"2025-03-14T01:31:57","date_gmt":"2025-03-14T07:31:57","guid":{"rendered":"https:\/\/noticiasveracruz.com\/?p=52345"},"modified":"2025-03-14T01:31:57","modified_gmt":"2025-03-14T07:31:57","slug":"trabajadores-del-poder-ejecutivo","status":"publish","type":"post","link":"https:\/\/noticiasveracruz.com\/index.php\/2025\/03\/14\/trabajadores-del-poder-ejecutivo\/","title":{"rendered":"Trabajadores del Poder Ejecutivo"},"content":{"rendered":"<p style=\"font-weight: 400;\"><strong>La Planilla Verde para la elecci\u00f3n del Sindicato Democr\u00e1tico de Trabajadores del Poder Ejecutivo del Estado de Veracruz SIDEPEV<\/strong><\/p>\n<p style=\"font-weight: 400;\"><strong>Ley 287 del IPE, est\u00e1 trasgrediendo el principio de progresividad de todos los trabajadores<\/strong><\/p>\n<p style=\"font-weight: 400;\"><strong>Se est\u00e1 quebrantando esa prestaci\u00f3n con la que se van jubilados<\/strong><\/p>\n<p style=\"font-weight: 400;\"><strong>Por Miguel \u00c1ngel Cristiani G.<\/strong><\/p>\n<p style=\"font-weight: 400;\">Estuvimos conversando con Gamaliel Lozano Moreno, quien encabeza la Planilla Verde para la elecci\u00f3n del Sindicato Democr\u00e1tico de Trabajadores del Poder Ejecutivo del Estado de Veracruz SIDEPEV, que el pr\u00f3ximo 25 de marzo tendr\u00e1 las votaciones para nombrar a sus representantes.<\/p>\n<p style=\"font-weight: 400;\">En un desayuno con los integrantes de la Asociaci\u00f3n de Comunicadores Veracruzanos ACOVER, Gamaliel Lozano Moreno quien estuvo acompa\u00f1ado de los integrantes de su comit\u00e9, nos coment\u00f3: el d\u00eda de hoy estamos con ustedes con el fin de llevar a cabo una campa\u00f1a de difusi\u00f3n, que est\u00e1 surgiendo en estos momentos en la organizaci\u00f3n sindical que es SIDEPEV, que es un sindicato democr\u00e1tico, donde cada 6 a\u00f1os, hay una renovaci\u00f3n del comit\u00e9.<\/p>\n<p style=\"font-weight: 400;\">Ahorita estamos contendiendo dos planillas, de las cuales nosotros somos planilla Verde, conformado por 42 integrantes, de los cuales fuimos sumamente cuidadosos al poder elegirlos, para que pertenecieran a este equipo de trabajo. Estamos reestructurando pr\u00e1cticamente el Comit\u00e9 de la planilla Verde para que haya otras funciones y que se lleven a cabo dentro del sindicato. Estamos unidos, fortalecidos como Planilla Verde.<\/p>\n<p style=\"font-weight: 400;\">Nos coment\u00f3 que \u201cDurante mi trayecto entro de la administraci\u00f3n p\u00fablica, tengo 25 a\u00f1os, se la problem\u00e1tica de todas y todos, de cada uno de los trabajadores, tengo desde que entr\u00e9 a laborar, 10 a\u00f1os de contrato, llevo 15 a\u00f1os laborando de base, voy a cumplir 25 a\u00f1os dentro de la administraci\u00f3n p\u00fablica.<\/p>\n<p style=\"font-weight: 400;\">En estos momentos, me han dado la confianza de poder contender como Secretario General, me siento capaz, me siento tambi\u00e9n muy orgulloso, muy respaldado por todo el equipo de trabajo de Planilla Verde, a trav\u00e9s del tiempo me he preparado, no tan solo acad\u00e9micamente, sino tambi\u00e9n tengo la experiencia laboral, donde junto con mi equipo, vamos a poder llevar a cabo todas las funciones y necesidades que vienen toda esa base trabajadora del Poder Ejecutivo del Estado de Veracruz.<\/p>\n<p style=\"font-weight: 400;\">Tenemos algunos agremiados no tan solo aqu\u00ed locales en Xalapa, sino tambi\u00e9n tenemos e for\u00e1neos en el norte del sur donde ya nos dimos a la tarea la semana pasada, de visitar uno por uno, fue realmente una experiencia muy positiva, porque nos recibieron muy bien, realmente fuimos muy bien apapachados, estuvimos en P\u00e1nuco, Poza Rica, Tuxpan, Veracruz, C\u00f3rdoba, Orizaba, Huatusco, Ixhuatl\u00e1n del caf\u00e9, Boca del R\u00edo y bueno y algunas otras m\u00e1s, realmente hemos encontrado esa respuesta de la base trabajadora hacia la Planilla Verde, donde nos dan ese voto de confianza, para que el d\u00eda 25 de marzo, que son las elecciones, nos puedan dar ese voto de confianza.<\/p>\n<p style=\"font-weight: 400;\">Nosotros estamos conformados los 42 integrantes de la Planilla Verde, no tan solo con gente con experiencia, con gente preparada, sino con gente que tiene ganas de trabajar, de luchar por el bien com\u00fan de toda esta base trabajadora que lo requiere.<\/p>\n<p style=\"font-weight: 400;\">Para poder exigir y pelear, pero no pelear y exigir frontalmente, no nosotros siempre nos hemos mantenido con el di\u00e1logo, pidiendo las homologaciones de los trabajadores, para que puedan tener un mejor sueldo, para que puedan obtener una mejor pensi\u00f3n a futuro.<\/p>\n<p style=\"font-weight: 400;\">Tambi\u00e9n como sindicato, hemos solicitado con diversas administraciones, esa basificaci\u00f3n que requieren los trabajadores que son de contrato y empleados temporales administrativos.<\/p>\n<p style=\"font-weight: 400;\">Ahorita lo que s\u00ed nos aqueja mucho es como Poder Ejecutivo o sindicato SIDEPEV es sobre la Ley 287 del IPE, donde realmente est\u00e1 trasgrediendo el principio de progresividad de todos los trabajadores, porque est\u00e1 promediando todas esas categor\u00edas que han obtenido durante toda su carrera laboral y donde est\u00e1 quebrantando esa prestaci\u00f3n con la que se van jubilados.<\/p>\n<p style=\"font-weight: 400;\">Es muy preocupante esos temas, que los vamos a llevar a cabo, una vez que estemos como Comit\u00e9 Ejecutivo, vamos a luchar por todas esas condiciones, que merecemos como trabajadores.<\/p>\n<p style=\"font-weight: 400;\">Tengo la suficiente capacidad, tengo esas ganas, pero no ganas de llegar a un sindicato y sentarme y que ver c\u00f3mo mis compa\u00f1eros trabajan, sino ganas de luchar por estas causas laborales que se han perdido hacia la base trabajadora, realmente tengo esas ganas de luchar, porque sean unos sueldos m\u00e1s dignos, porque tengan esa seguridad y un respaldo de un sindicato fuerte, s\u00f3lido y con un equipo, que tambi\u00e9n va a responder en su momento, y no tan solo aqu\u00ed en Xalapa sino en parte del Estado, traemos propuestas s\u00f3lidas, traemos proyectos que vamos a llevar a cabo una vez estando en funciones como comit\u00e9, traemos gente de varias dependencias del Estado, de algunas oficinas de Hacienda, donde se va a ver la fuerza, se va a ver esa confianza, que va a tener la base trabajadora hacia nosotros y que siempre van a estar contando con un amigo y realmente lo digo amigo, porque yo s\u00ed s\u00e9 un dicho que a veces va muy poco se les olvida, el que no sirve para servir no sirve para vivir.<\/p>\n<p style=\"font-weight: 400;\">Para m\u00e1s informaci\u00f3n consulta nuestra p\u00e1gina\u00a0<a href=\"https:\/\/www.xn--bitacoraspolticas-ovb.com\/\" data-saferedirecturl=\"https:\/\/www.google.com\/url?q=https:\/\/www.xn--bitacoraspolticas-ovb.com\/&amp;source=gmail&amp;ust=1742023247048000&amp;usg=AOvVaw0dIHZ3WHu-gGXSgVWN_dQ_\">https:\/\/www.xn--bitacoraspolticas-ovb.com\/<\/a><\/p>\n<p><img loading=\"lazy\" decoding=\"async\" class=\"alignnone wp-image-52341 size-full\" src=\"http:\/\/noticiasveracruz.com\/wp-content\/uploads\/2025\/03\/FIRMA-EDITORIAL-PD-3.jpg\" alt=\"\" width=\"1024\" height=\"125\" srcset=\"https:\/\/noticiasveracruz.com\/wp-content\/uploads\/2025\/03\/FIRMA-EDITORIAL-PD-3.jpg 1024w, https:\/\/noticiasveracruz.com\/wp-content\/uploads\/2025\/03\/FIRMA-EDITORIAL-PD-3-300x37.jpg 300w, https:\/\/noticiasveracruz.com\/wp-content\/uploads\/2025\/03\/FIRMA-EDITORIAL-PD-3-768x94.jpg 768w\" sizes=\"auto, (max-width: 1024px) 100vw, 1024px\" \/><\/p>\n","protected":false},"excerpt":{"rendered":"<p>La Planilla Verde para la elecci\u00f3n del Sindicato Democr\u00e1tico de Trabajadores del Poder Ejecutivo del Estado de Veracruz SIDEPEV Ley<\/p>\n","protected":false},"author":4,"featured_media":29037,"comment_status":"closed","ping_status":"closed","sticky":false,"template":"","format":"standard","meta":{"colormag_page_container_layout":"default_layout","colormag_page_sidebar_layout":"default_layout","_jetpack_memberships_contains_paid_content":false,"footnotes":"","jetpack_publicize_message":"","jetpack_publicize_feature_enabled":true,"jetpack_social_post_already_shared":true,"jetpack_social_options":{"image_generator_settings":{"template":"highway","default_image_id":0,"font":"","enabled":false},"version":2}},"categories":[6],"tags":[],"class_list":["post-52345","post","type-post","status-publish","format-standard","has-post-thumbnail","hentry","category-columnistas"],"jetpack_publicize_connections":[],"jetpack_featured_media_url":"https:\/\/noticiasveracruz.com\/wp-content\/uploads\/2024\/04\/BANNER-cristiani-NV.jpg","jetpack_sharing_enabled":true,"publishpress_future_action":{"enabled":false,"date":"2026-05-08 04:17:14","action":"change-status","newStatus":"draft","terms":[],"taxonomy":"category","extraData":[]},"publishpress_future_workflow_manual_trigger":{"enabledWorkflows":[]},"_links":{"self":[{"href":"https:\/\/noticiasveracruz.com\/index.php\/wp-json\/wp\/v2\/posts\/52345","targetHints":{"allow":["GET"]}}],"collection":[{"href":"https:\/\/noticiasveracruz.com\/index.php\/wp-json\/wp\/v2\/posts"}],"about":[{"href":"https:\/\/noticiasveracruz.com\/index.php\/wp-json\/wp\/v2\/types\/post"}],"author":[{"embeddable":true,"href":"https:\/\/noticiasveracruz.com\/index.php\/wp-json\/wp\/v2\/users\/4"}],"replies":[{"embeddable":true,"href":"https:\/\/noticiasveracruz.com\/index.php\/wp-json\/wp\/v2\/comments?post=52345"}],"version-history":[{"count":0,"href":"https:\/\/noticiasveracruz.com\/index.php\/wp-json\/wp\/v2\/posts\/52345\/revisions"}],"wp:featuredmedia":[{"embeddable":true,"href":"https:\/\/noticiasveracruz.com\/index.php\/wp-json\/wp\/v2\/media\/29037"}],"wp:attachment":[{"href":"https:\/\/noticiasveracruz.com\/index.php\/wp-json\/wp\/v2\/media?parent=52345"}],"wp:term":[{"taxonomy":"category","embeddable":true,"href":"https:\/\/noticiasveracruz.com\/index.php\/wp-json\/wp\/v2\/categories?post=52345"},{"taxonomy":"post_tag","embeddable":true,"href":"https:\/\/noticiasveracruz.com\/index.php\/wp-json\/wp\/v2\/tags?post=52345"}],"curies":[{"name":"wp","href":"https:\/\/api.w.org\/{rel}","templated":true}]}}