{"id":52337,"date":"2025-03-14T00:20:10","date_gmt":"2025-03-14T06:20:10","guid":{"rendered":"https:\/\/noticiasveracruz.com\/?p=52337"},"modified":"2025-03-13T22:54:21","modified_gmt":"2025-03-14T04:54:21","slug":"la-izquierda-abertzale-invitada-por-primera-vez-a-la-moncloa","status":"publish","type":"post","link":"https:\/\/noticiasveracruz.com\/index.php\/2025\/03\/14\/la-izquierda-abertzale-invitada-por-primera-vez-a-la-moncloa\/","title":{"rendered":"La izquierda Abertzale, invitada por primera vez a La Moncloa"},"content":{"rendered":"<p class=\"nota-justify\">La l\u00edder del grupo parlamentario de la izquierda separatista vasca en el Congreso espa\u00f1ol, Mertxe Aizpurua, protagoniz\u00f3 un encuentro y una fotograf\u00eda hist\u00f3rica: por primera vez acudi\u00f3 a la residencia oficial del presidente del gobierno espa\u00f1ol, el palacio de La Moncloa, donde se reuni\u00f3 con el actual mandatario, el socialista Pedro S\u00e1nchez. El encuentro dur\u00f3 media hora, en el que adem\u00e1s de hacerse una fotograf\u00eda hablaron sobre las intenciones del Ejecutivo espa\u00f1ol de aumentar el gasto en defensa en consonancia con el resto de pa\u00edses de la Uni\u00f3n Europea (UE).<\/p>\n<p class=\"nota-justify\">M\u00e1s all\u00e1 del motivo de la reuni\u00f3n, la visita de Aizpurua a La Moncloa es un hito hist\u00f3rica en la vida p\u00fablica de este pa\u00eds. La coalici\u00f3n de la izquierda separatista vasca, EH-Bildu, tiene actualmente seis diputados en el Parlamento espa\u00f1ol y se ha convertido en uno de los principales aliados del actual gobierno de la coalici\u00f3n de izquierdas presidido por S\u00e1nchez, en el que est\u00e1n adem\u00e1s del Partido Socialista Obrero Espa\u00f1ol (PSOE), la formaci\u00f3n de Sumar. Los seis diputados de EH-Bildu han sido cruciales tanto para sacar adelante la investidura de S\u00e1nchez tras las elecci\u00f3n de julio del 2023 como para sacar adelante iniciativas de car\u00e1cter social.<\/p>\n<p class=\"nota-justify\">Aizpurua fue durante un tiempo la directora del diario Gara, que durante un tiempo fue perseguido por su cercan\u00eda con el movimiento abertzale y de la propia organizaci\u00f3n armada ETA, que anunci\u00f3 su disoluci\u00f3n y desarme en el a\u00f1o 2018, despu\u00e9s de m\u00e1s de 40 a\u00f1os de existencia.<\/p>\n<p class=\"nota-justify\">Hasta la fecha, el grupo parlamentario del PSOE se hab\u00eda reunido con EH-Bildu de forma p\u00fablica, pero \u00fanicamente en el seno del Congreso espa\u00f1ol, donde incluso han firmado acuerdos en materia migratoria y de seguridad. Pero es la primera vez que una l\u00edder de la izquierda abertzale es recibida con todos los honores y el protocolo oficial en la sede el poder Ejecutivo en Espa\u00f1a.<\/p>\n<p class=\"nota-justify\">La reuni\u00f3n se llev\u00f3 a cabo en el marco de una ronda de contactos con todos los grupos parlamentarios para abordar la cuesti\u00f3n del aumento del gasto en pol\u00edtica de defensa, de la que s\u00f3lo se excluy\u00f3 por decisi\u00f3n del propio S\u00e1nchez a la extrema derecha de Vox, que es actualmente la tercera fuerza en votos y diputados del Estado espa\u00f1ol.<\/p>\n","protected":false},"excerpt":{"rendered":"<p>La l\u00edder del grupo parlamentario de la izquierda separatista vasca en el Congreso espa\u00f1ol, Mertxe Aizpurua, protagoniz\u00f3 un encuentro y<\/p>\n","protected":false},"author":4,"featured_media":52338,"comment_status":"closed","ping_status":"closed","sticky":false,"template":"","format":"standard","meta":{"colormag_page_container_layout":"default_layout","colormag_page_sidebar_layout":"default_layout","_jetpack_memberships_contains_paid_content":false,"footnotes":"","jetpack_publicize_message":"","jetpack_publicize_feature_enabled":true,"jetpack_social_post_already_shared":true,"jetpack_social_options":{"image_generator_settings":{"template":"highway","default_image_id":0,"font":"","enabled":false},"version":2}},"categories":[355],"tags":[],"class_list":["post-52337","post","type-post","status-publish","format-standard","has-post-thumbnail","hentry","category-internacional"],"jetpack_publicize_connections":[],"jetpack_featured_media_url":"https:\/\/noticiasveracruz.com\/wp-content\/uploads\/2025\/03\/PES.jpg","jetpack_sharing_enabled":true,"publishpress_future_action":{"enabled":false,"date":"2026-05-08 06:40:48","action":"change-status","newStatus":"draft","terms":[],"taxonomy":"category","extraData":[]},"publishpress_future_workflow_manual_trigger":{"enabledWorkflows":[]},"_links":{"self":[{"href":"https:\/\/noticiasveracruz.com\/index.php\/wp-json\/wp\/v2\/posts\/52337","targetHints":{"allow":["GET"]}}],"collection":[{"href":"https:\/\/noticiasveracruz.com\/index.php\/wp-json\/wp\/v2\/posts"}],"about":[{"href":"https:\/\/noticiasveracruz.com\/index.php\/wp-json\/wp\/v2\/types\/post"}],"author":[{"embeddable":true,"href":"https:\/\/noticiasveracruz.com\/index.php\/wp-json\/wp\/v2\/users\/4"}],"replies":[{"embeddable":true,"href":"https:\/\/noticiasveracruz.com\/index.php\/wp-json\/wp\/v2\/comments?post=52337"}],"version-history":[{"count":0,"href":"https:\/\/noticiasveracruz.com\/index.php\/wp-json\/wp\/v2\/posts\/52337\/revisions"}],"wp:featuredmedia":[{"embeddable":true,"href":"https:\/\/noticiasveracruz.com\/index.php\/wp-json\/wp\/v2\/media\/52338"}],"wp:attachment":[{"href":"https:\/\/noticiasveracruz.com\/index.php\/wp-json\/wp\/v2\/media?parent=52337"}],"wp:term":[{"taxonomy":"category","embeddable":true,"href":"https:\/\/noticiasveracruz.com\/index.php\/wp-json\/wp\/v2\/categories?post=52337"},{"taxonomy":"post_tag","embeddable":true,"href":"https:\/\/noticiasveracruz.com\/index.php\/wp-json\/wp\/v2\/tags?post=52337"}],"curies":[{"name":"wp","href":"https:\/\/api.w.org\/{rel}","templated":true}]}}