{"id":52325,"date":"2025-03-14T00:16:55","date_gmt":"2025-03-14T06:16:55","guid":{"rendered":"https:\/\/noticiasveracruz.com\/?p=52325"},"modified":"2025-03-13T22:37:44","modified_gmt":"2025-03-14T04:37:44","slug":"anuncian-inicio-de-obras-del-tren-mexico-queretaro","status":"publish","type":"post","link":"https:\/\/noticiasveracruz.com\/index.php\/2025\/03\/14\/anuncian-inicio-de-obras-del-tren-mexico-queretaro\/","title":{"rendered":"Anuncian inicio de obras del Tren M\u00e9xico-Quer\u00e9taro"},"content":{"rendered":"<p>El ayuntamiento de Cuautitl\u00e1n inform\u00f3 que las obras del Tren M\u00e9xico-Quer\u00e9taro iniciar\u00e1n en la zona de v\u00edas contin\u00faas del Tren Suburbano Buenavista-Cuautitl\u00e1n y destac\u00f3 tambi\u00e9n que en ese municipio ser\u00e1 construido un paradero para poblaci\u00f3n intermedia, a la altura del poblado de San Mateo Ixtacalco, por ello y como parte de los preparativos, libera espacios en la periferia del trazo del nuevo transporte masivo para garantizar la movilidad en la regi\u00f3n, inform\u00f3 la presidenta municipal Juana Carrillo Luna.<\/p>\n<p>\u201cVienen las obras del Tren r\u00e1pido en abril y ya nos dijeron s\u00ed o s\u00ed inicia. Y va a partir inclusive de Cuautitl\u00e1n, porque va a tomar parte de las v\u00edas del Tren Suburbano, porque aqu\u00ed inicia la construcci\u00f3n del Tren M\u00e9xico-Quer\u00e9taro, en nuestro municipio\u201d, dio a conocer en entrevista la alcaldesa Carrillo Luna.<\/p>\n<p>La edil plante\u00f3 que el director general de Vinculaci\u00f3n de la Secretar\u00eda de Infraestructura, Comunicaciones y Transportes (SICT), N\u00e9stor N\u00fa\u00f1ez L\u00f3pez; y el general Ricardo Vallejo, comandante del Agrupamiento de Ingenieros \u201cFelipe \u00c1ngeles\u201d, responsables del proyecto ferroviario, mantienen contacto con autoridades de municipios localizados en el trazo del tren de 225 kil\u00f3metros de longitud.<\/p>\n<p>\u201cHoy tenemos claro que las obras inician en abril, pero no nos han hablado de obras de mitigaci\u00f3n, de puentes peatonales y vehiculares\u201d, coment\u00f3 Carrillo Luna de extracci\u00f3n morenista, quien insisti\u00f3 que est\u00e1 atenta a los proyectos colaterales al medio masivo de transporte, en tanto, su gobierno alista la liberaci\u00f3n de obst\u00e1culos para garantizar la movilidad en vialidades aleda\u00f1as al proyecto ferroviario. \u00abPara los militares debemos tener liberado ya todo el espacio del tren de aqu\u00ed (de la estaci\u00f3n Cuautitl\u00e1n del Tren Suburbano) a San Mateo Ixtacalco\u201d, coment\u00f3.<\/p>\n","protected":false},"excerpt":{"rendered":"<p>El ayuntamiento de Cuautitl\u00e1n inform\u00f3 que las obras del Tren M\u00e9xico-Quer\u00e9taro iniciar\u00e1n en la zona de v\u00edas contin\u00faas del Tren<\/p>\n","protected":false},"author":4,"featured_media":52326,"comment_status":"closed","ping_status":"closed","sticky":false,"template":"","format":"standard","meta":{"colormag_page_container_layout":"default_layout","colormag_page_sidebar_layout":"default_layout","_jetpack_memberships_contains_paid_content":false,"footnotes":"","jetpack_publicize_message":"","jetpack_publicize_feature_enabled":true,"jetpack_social_post_already_shared":true,"jetpack_social_options":{"image_generator_settings":{"template":"highway","default_image_id":0,"font":"","enabled":false},"version":2}},"categories":[145],"tags":[],"class_list":["post-52325","post","type-post","status-publish","format-standard","has-post-thumbnail","hentry","category-estados"],"jetpack_publicize_connections":[],"jetpack_featured_media_url":"https:\/\/noticiasveracruz.com\/wp-content\/uploads\/2025\/03\/MQ.jpg","jetpack_sharing_enabled":true,"publishpress_future_action":{"enabled":false,"date":"2026-05-08 07:49:51","action":"change-status","newStatus":"draft","terms":[],"taxonomy":"category","extraData":[]},"publishpress_future_workflow_manual_trigger":{"enabledWorkflows":[]},"_links":{"self":[{"href":"https:\/\/noticiasveracruz.com\/index.php\/wp-json\/wp\/v2\/posts\/52325","targetHints":{"allow":["GET"]}}],"collection":[{"href":"https:\/\/noticiasveracruz.com\/index.php\/wp-json\/wp\/v2\/posts"}],"about":[{"href":"https:\/\/noticiasveracruz.com\/index.php\/wp-json\/wp\/v2\/types\/post"}],"author":[{"embeddable":true,"href":"https:\/\/noticiasveracruz.com\/index.php\/wp-json\/wp\/v2\/users\/4"}],"replies":[{"embeddable":true,"href":"https:\/\/noticiasveracruz.com\/index.php\/wp-json\/wp\/v2\/comments?post=52325"}],"version-history":[{"count":0,"href":"https:\/\/noticiasveracruz.com\/index.php\/wp-json\/wp\/v2\/posts\/52325\/revisions"}],"wp:featuredmedia":[{"embeddable":true,"href":"https:\/\/noticiasveracruz.com\/index.php\/wp-json\/wp\/v2\/media\/52326"}],"wp:attachment":[{"href":"https:\/\/noticiasveracruz.com\/index.php\/wp-json\/wp\/v2\/media?parent=52325"}],"wp:term":[{"taxonomy":"category","embeddable":true,"href":"https:\/\/noticiasveracruz.com\/index.php\/wp-json\/wp\/v2\/categories?post=52325"},{"taxonomy":"post_tag","embeddable":true,"href":"https:\/\/noticiasveracruz.com\/index.php\/wp-json\/wp\/v2\/tags?post=52325"}],"curies":[{"name":"wp","href":"https:\/\/api.w.org\/{rel}","templated":true}]}}