{"id":52313,"date":"2025-03-14T00:12:30","date_gmt":"2025-03-14T06:12:30","guid":{"rendered":"https:\/\/noticiasveracruz.com\/?p=52313"},"modified":"2025-03-13T22:29:34","modified_gmt":"2025-03-14T04:29:34","slug":"canada-inicia-procedimiento-ante-la-omc-contra-eu","status":"publish","type":"post","link":"https:\/\/noticiasveracruz.com\/index.php\/2025\/03\/14\/canada-inicia-procedimiento-ante-la-omc-contra-eu\/","title":{"rendered":"Canad\u00e1 inicia procedimiento ante la OMC contra EU"},"content":{"rendered":"<p class=\"nota-justify\">Canad\u00e1 present\u00f3 una queja ante la Organizaci\u00f3n Mundial del Comercio (OMC) contra los aranceles de 25 por ciento impuestos por Estados Unidos al acero y al aluminio, anunci\u00f3 el jueves la organizaci\u00f3n con sede en Ginebra.<\/p>\n<p class=\"nota-justify\">\u201cCanad\u00e1 est\u00e1 iniciando un procedimiento de soluci\u00f3n de diferencias en el marco de la OMC sobre los aranceles impuestos por Estados Unidos al acero y al aluminio\u201d, dijo la organizaci\u00f3n en un comunicado.<\/p>\n<p class=\"nota-justify\">Estos aranceles aduaneros entraron en vigor el mi\u00e9rcoles.<\/p>\n<p class=\"nota-justify\">El pa\u00eds considera que estas medidas \u201cson incompatibles con las obligaciones de Estados Unidos\u201d en materia de comercio internacional, seg\u00fan la OMC.<\/p>\n","protected":false},"excerpt":{"rendered":"<p>Canad\u00e1 present\u00f3 una queja ante la Organizaci\u00f3n Mundial del Comercio (OMC) contra los aranceles de 25 por ciento impuestos por<\/p>\n","protected":false},"author":4,"featured_media":52314,"comment_status":"closed","ping_status":"closed","sticky":false,"template":"","format":"standard","meta":{"colormag_page_container_layout":"default_layout","colormag_page_sidebar_layout":"default_layout","_jetpack_memberships_contains_paid_content":false,"footnotes":"","jetpack_publicize_message":"","jetpack_publicize_feature_enabled":true,"jetpack_social_post_already_shared":true,"jetpack_social_options":{"image_generator_settings":{"template":"highway","default_image_id":0,"font":"","enabled":false},"version":2}},"categories":[1947],"tags":[],"class_list":["post-52313","post","type-post","status-publish","format-standard","has-post-thumbnail","hentry","category-economia"],"jetpack_publicize_connections":[],"jetpack_featured_media_url":"https:\/\/noticiasveracruz.com\/wp-content\/uploads\/2025\/03\/CAN.jpg","jetpack_sharing_enabled":true,"publishpress_future_action":{"enabled":false,"date":"2026-05-08 07:05:32","action":"change-status","newStatus":"draft","terms":[],"taxonomy":"category","extraData":[]},"publishpress_future_workflow_manual_trigger":{"enabledWorkflows":[]},"_links":{"self":[{"href":"https:\/\/noticiasveracruz.com\/index.php\/wp-json\/wp\/v2\/posts\/52313","targetHints":{"allow":["GET"]}}],"collection":[{"href":"https:\/\/noticiasveracruz.com\/index.php\/wp-json\/wp\/v2\/posts"}],"about":[{"href":"https:\/\/noticiasveracruz.com\/index.php\/wp-json\/wp\/v2\/types\/post"}],"author":[{"embeddable":true,"href":"https:\/\/noticiasveracruz.com\/index.php\/wp-json\/wp\/v2\/users\/4"}],"replies":[{"embeddable":true,"href":"https:\/\/noticiasveracruz.com\/index.php\/wp-json\/wp\/v2\/comments?post=52313"}],"version-history":[{"count":0,"href":"https:\/\/noticiasveracruz.com\/index.php\/wp-json\/wp\/v2\/posts\/52313\/revisions"}],"wp:featuredmedia":[{"embeddable":true,"href":"https:\/\/noticiasveracruz.com\/index.php\/wp-json\/wp\/v2\/media\/52314"}],"wp:attachment":[{"href":"https:\/\/noticiasveracruz.com\/index.php\/wp-json\/wp\/v2\/media?parent=52313"}],"wp:term":[{"taxonomy":"category","embeddable":true,"href":"https:\/\/noticiasveracruz.com\/index.php\/wp-json\/wp\/v2\/categories?post=52313"},{"taxonomy":"post_tag","embeddable":true,"href":"https:\/\/noticiasveracruz.com\/index.php\/wp-json\/wp\/v2\/tags?post=52313"}],"curies":[{"name":"wp","href":"https:\/\/api.w.org\/{rel}","templated":true}]}}