{"id":52283,"date":"2025-03-14T00:03:39","date_gmt":"2025-03-14T06:03:39","guid":{"rendered":"https:\/\/noticiasveracruz.com\/?p=52283"},"modified":"2025-03-13T21:52:27","modified_gmt":"2025-03-14T03:52:27","slug":"arranca-la-ssp-torneo-copa-por-la-paz-2025","status":"publish","type":"post","link":"https:\/\/noticiasveracruz.com\/index.php\/2025\/03\/14\/arranca-la-ssp-torneo-copa-por-la-paz-2025\/","title":{"rendered":"Arranca la SSP Torneo Copa por la Paz 2025"},"content":{"rendered":"<p>La Secretar\u00eda de Seguridad P\u00fablica (SSP) arranc\u00f3 el Torneo Inter secundarias, Copa por la Paz 2025, dise\u00f1ado para que la juventud veracruzana tenga espacios para una buena convivencia a trav\u00e9s del deporte.<\/p>\n<p>Esta edici\u00f3n cuenta con la participaci\u00f3n de m\u00e1s de 30 escuelas, incluyendo Telesecundarias, T\u00e9cnicas, Generales y privadas, en las ramas femenil y varonil.<\/p>\n<p>Esta acci\u00f3n se suma al trabajo realizado dentro de la estrategia de los Gobiernos estatal y federal para prevenir el consumo de drogas mediante actividades deportivas, ya que el deporte es el aliado m\u00e1s poderoso para prevenir problemas sociales y fomentar la inclusi\u00f3n y cohesi\u00f3n social.<\/p>\n<p>Adem\u00e1s, el deporte es una herramienta valiosa para mejorar la calidad de vida, promover el trabajo en equipo y contribuir significativamente en la prevenci\u00f3n social de la violencia y la delincuencia.<\/p>\n<p>Lo anterior responde al compromiso de la gobernadora Roc\u00edo Nahle Garc\u00eda para atender las causas estructurales de la violencia mediante programas de educaci\u00f3n y bienestar dirigidos a la juventud, bajo la direcci\u00f3n de la presidenta Claudia Sheinbaum.<\/p>\n","protected":false},"excerpt":{"rendered":"<p>La Secretar\u00eda de Seguridad P\u00fablica (SSP) arranc\u00f3 el Torneo Inter secundarias, Copa por la Paz 2025, dise\u00f1ado para que la<\/p>\n","protected":false},"author":4,"featured_media":52284,"comment_status":"closed","ping_status":"closed","sticky":false,"template":"","format":"standard","meta":{"colormag_page_container_layout":"default_layout","colormag_page_sidebar_layout":"default_layout","_jetpack_memberships_contains_paid_content":false,"footnotes":"","jetpack_publicize_message":"","jetpack_publicize_feature_enabled":true,"jetpack_social_post_already_shared":true,"jetpack_social_options":{"image_generator_settings":{"template":"highway","default_image_id":0,"font":"","enabled":false},"version":2}},"categories":[356],"tags":[],"class_list":["post-52283","post","type-post","status-publish","format-standard","has-post-thumbnail","hentry","category-veracruz"],"jetpack_publicize_connections":[],"jetpack_featured_media_url":"https:\/\/noticiasveracruz.com\/wp-content\/uploads\/2025\/03\/9c1.jpg","jetpack_sharing_enabled":true,"publishpress_future_action":{"enabled":false,"date":"2026-05-08 06:50:36","action":"change-status","newStatus":"draft","terms":[],"taxonomy":"category","extraData":[]},"publishpress_future_workflow_manual_trigger":{"enabledWorkflows":[]},"_links":{"self":[{"href":"https:\/\/noticiasveracruz.com\/index.php\/wp-json\/wp\/v2\/posts\/52283","targetHints":{"allow":["GET"]}}],"collection":[{"href":"https:\/\/noticiasveracruz.com\/index.php\/wp-json\/wp\/v2\/posts"}],"about":[{"href":"https:\/\/noticiasveracruz.com\/index.php\/wp-json\/wp\/v2\/types\/post"}],"author":[{"embeddable":true,"href":"https:\/\/noticiasveracruz.com\/index.php\/wp-json\/wp\/v2\/users\/4"}],"replies":[{"embeddable":true,"href":"https:\/\/noticiasveracruz.com\/index.php\/wp-json\/wp\/v2\/comments?post=52283"}],"version-history":[{"count":0,"href":"https:\/\/noticiasveracruz.com\/index.php\/wp-json\/wp\/v2\/posts\/52283\/revisions"}],"wp:featuredmedia":[{"embeddable":true,"href":"https:\/\/noticiasveracruz.com\/index.php\/wp-json\/wp\/v2\/media\/52284"}],"wp:attachment":[{"href":"https:\/\/noticiasveracruz.com\/index.php\/wp-json\/wp\/v2\/media?parent=52283"}],"wp:term":[{"taxonomy":"category","embeddable":true,"href":"https:\/\/noticiasveracruz.com\/index.php\/wp-json\/wp\/v2\/categories?post=52283"},{"taxonomy":"post_tag","embeddable":true,"href":"https:\/\/noticiasveracruz.com\/index.php\/wp-json\/wp\/v2\/tags?post=52283"}],"curies":[{"name":"wp","href":"https:\/\/api.w.org\/{rel}","templated":true}]}}