{"id":52280,"date":"2025-03-14T00:02:42","date_gmt":"2025-03-14T06:02:42","guid":{"rendered":"https:\/\/noticiasveracruz.com\/?p=52280"},"modified":"2025-03-13T21:51:30","modified_gmt":"2025-03-14T03:51:30","slug":"aplaude-rocio-proxima-construccion-de-acueducto","status":"publish","type":"post","link":"https:\/\/noticiasveracruz.com\/index.php\/2025\/03\/14\/aplaude-rocio-proxima-construccion-de-acueducto\/","title":{"rendered":"Aplaude Roc\u00edo pr\u00f3xima construcci\u00f3n de acueducto"},"content":{"rendered":"<p>La gobernadora de Veracruz, Roc\u00edo Nahle Garc\u00eda, se congratul\u00f3 por el anuncio que hizo el Gobierno Federal de la construcci\u00f3n del acueducto para Coatzacoalcos, que beneficiar\u00e1 a cerca de medio mill\u00f3n de habitantes y arrancar\u00e1 este mismo a\u00f1o.<\/p>\n<p>En la obra se invertir\u00e1n mil 550 millones de pesos, de los cuales 350 se destinar\u00e1n este a\u00f1o, cuya licitaci\u00f3n se publicar\u00e1 en julio e iniciar\u00e1 la edificaci\u00f3n en agosto.<\/p>\n<p>De acuerdo con la informaci\u00f3n vertida en La ma\u00f1anera del pueblo que encabeza la presidenta Claudia Sheinbaum Pardo, el acueducto es uno de los 17 Proyectos de Infraestructura H\u00eddrica dentro del Plan Nacional H\u00eddrico que tiene como objetivo fundamental garantizar el derecho humano al agua.<\/p>\n<p>Este proyecto, presentado durante la conferencia del pasado mi\u00e9rcoles por el titular de la Comisi\u00f3n Nacional del Agua, Efra\u00edn Morales L\u00f3pez, ser\u00e1 de gran beneficio para el puerto sure\u00f1o.<\/p>\n<p>Los proyectos estrat\u00e9gicos fueron seleccionados de acuerdo con los indicadores de cada regi\u00f3n del pa\u00eds con mayor escasez y a partir de un diagn\u00f3stico de necesidades a nivel municipal.<\/p>\n<p>En sus redes sociales, la Gobernadora Roc\u00edo Nahle public\u00f3: \u201cPor amor a Veracruz se llevar\u00e1 a cabo la construcci\u00f3n del acueducto de Coatzacoalcos, que beneficiar\u00e1 a cerca de medio mill\u00f3n de habitantes, garantizando el acceso al agua y mejorando la calidad de vida de las y los veracruzanos.\u201d<\/p>\n","protected":false},"excerpt":{"rendered":"<p>La gobernadora de Veracruz, Roc\u00edo Nahle Garc\u00eda, se congratul\u00f3 por el anuncio que hizo el Gobierno Federal de la construcci\u00f3n<\/p>\n","protected":false},"author":4,"featured_media":52281,"comment_status":"closed","ping_status":"closed","sticky":false,"template":"","format":"standard","meta":{"colormag_page_container_layout":"default_layout","colormag_page_sidebar_layout":"default_layout","_jetpack_memberships_contains_paid_content":false,"footnotes":"","jetpack_publicize_message":"","jetpack_publicize_feature_enabled":true,"jetpack_social_post_already_shared":true,"jetpack_social_options":{"image_generator_settings":{"template":"highway","default_image_id":0,"font":"","enabled":false},"version":2}},"categories":[356],"tags":[],"class_list":["post-52280","post","type-post","status-publish","format-standard","has-post-thumbnail","hentry","category-veracruz"],"jetpack_publicize_connections":[],"jetpack_featured_media_url":"https:\/\/noticiasveracruz.com\/wp-content\/uploads\/2025\/03\/9b-6.jpg","jetpack_sharing_enabled":true,"publishpress_future_action":{"enabled":false,"date":"2026-05-08 06:03:13","action":"change-status","newStatus":"draft","terms":[],"taxonomy":"category","extraData":[]},"publishpress_future_workflow_manual_trigger":{"enabledWorkflows":[]},"_links":{"self":[{"href":"https:\/\/noticiasveracruz.com\/index.php\/wp-json\/wp\/v2\/posts\/52280","targetHints":{"allow":["GET"]}}],"collection":[{"href":"https:\/\/noticiasveracruz.com\/index.php\/wp-json\/wp\/v2\/posts"}],"about":[{"href":"https:\/\/noticiasveracruz.com\/index.php\/wp-json\/wp\/v2\/types\/post"}],"author":[{"embeddable":true,"href":"https:\/\/noticiasveracruz.com\/index.php\/wp-json\/wp\/v2\/users\/4"}],"replies":[{"embeddable":true,"href":"https:\/\/noticiasveracruz.com\/index.php\/wp-json\/wp\/v2\/comments?post=52280"}],"version-history":[{"count":0,"href":"https:\/\/noticiasveracruz.com\/index.php\/wp-json\/wp\/v2\/posts\/52280\/revisions"}],"wp:featuredmedia":[{"embeddable":true,"href":"https:\/\/noticiasveracruz.com\/index.php\/wp-json\/wp\/v2\/media\/52281"}],"wp:attachment":[{"href":"https:\/\/noticiasveracruz.com\/index.php\/wp-json\/wp\/v2\/media?parent=52280"}],"wp:term":[{"taxonomy":"category","embeddable":true,"href":"https:\/\/noticiasveracruz.com\/index.php\/wp-json\/wp\/v2\/categories?post=52280"},{"taxonomy":"post_tag","embeddable":true,"href":"https:\/\/noticiasveracruz.com\/index.php\/wp-json\/wp\/v2\/tags?post=52280"}],"curies":[{"name":"wp","href":"https:\/\/api.w.org\/{rel}","templated":true}]}}