{"id":52277,"date":"2025-03-14T00:01:39","date_gmt":"2025-03-14T06:01:39","guid":{"rendered":"https:\/\/noticiasveracruz.com\/?p=52277"},"modified":"2025-03-13T21:50:33","modified_gmt":"2025-03-14T03:50:33","slug":"avanza-programa-de-vivienda-nahle","status":"publish","type":"post","link":"https:\/\/noticiasveracruz.com\/index.php\/2025\/03\/14\/avanza-programa-de-vivienda-nahle\/","title":{"rendered":"Avanza Programa de Vivienda: Nahle"},"content":{"rendered":"<p>La gobernadora de Veracruz, Roc\u00edo Nahle Garc\u00eda se reuni\u00f3 este jueves con la secretaria de Desarrollo Agrario, Territorial y Urbano (Sedatu), Edna Elena Vega Rangel, para evaluar los avances en los procesos de ordenamiento territorial y los proyectos de vivienda en el estado.<\/p>\n<p>La Mandataria destac\u00f3 la coordinaci\u00f3n entre los gobiernos estatal y federal, a trav\u00e9s de la Sedatu, para implementar en Veracruz el Programa de Vivienda para el Bienestar.<\/p>\n<p>\u201cEl programa de la presidenta Claudia Sheinbaum Pardo, de recuperar, rehabilitar y construir viviendas en todo M\u00e9xico es de justicia social y generar empleo\u201d, expres\u00f3 en sus redes sociales.<\/p>\n<p>En marzo y abril la Sedatu continuar\u00e1 con la construcci\u00f3n, rehabilitaci\u00f3n y rescate de m\u00e1s de 50 mil viviendas en 25 estados, incluido Veracruz, con el objetivo de alcanzar un mill\u00f3n de nuevos hogares en todo el pa\u00eds, garantizando as\u00ed el derecho a una vivienda digna para las familias.<\/p>\n<p>En la reuni\u00f3n tambi\u00e9n particip\u00f3 el gerente general del Instituto Veracruzano de la Vivienda (Invivienda), Jos\u00e9 Manuel Pozos del \u00c1ngel.<\/p>\n","protected":false},"excerpt":{"rendered":"<p>La gobernadora de Veracruz, Roc\u00edo Nahle Garc\u00eda se reuni\u00f3 este jueves con la secretaria de Desarrollo Agrario, Territorial y Urbano<\/p>\n","protected":false},"author":4,"featured_media":52278,"comment_status":"closed","ping_status":"closed","sticky":false,"template":"","format":"standard","meta":{"colormag_page_container_layout":"default_layout","colormag_page_sidebar_layout":"default_layout","_jetpack_memberships_contains_paid_content":false,"footnotes":"","jetpack_publicize_message":"","jetpack_publicize_feature_enabled":true,"jetpack_social_post_already_shared":true,"jetpack_social_options":{"image_generator_settings":{"template":"highway","default_image_id":0,"font":"","enabled":false},"version":2}},"categories":[356],"tags":[],"class_list":["post-52277","post","type-post","status-publish","format-standard","has-post-thumbnail","hentry","category-veracruz"],"jetpack_publicize_connections":[],"jetpack_featured_media_url":"https:\/\/noticiasveracruz.com\/wp-content\/uploads\/2025\/03\/9a-6.jpg","jetpack_sharing_enabled":true,"publishpress_future_action":{"enabled":false,"date":"2026-05-08 05:17:56","action":"change-status","newStatus":"draft","terms":[],"taxonomy":"category","extraData":[]},"publishpress_future_workflow_manual_trigger":{"enabledWorkflows":[]},"_links":{"self":[{"href":"https:\/\/noticiasveracruz.com\/index.php\/wp-json\/wp\/v2\/posts\/52277","targetHints":{"allow":["GET"]}}],"collection":[{"href":"https:\/\/noticiasveracruz.com\/index.php\/wp-json\/wp\/v2\/posts"}],"about":[{"href":"https:\/\/noticiasveracruz.com\/index.php\/wp-json\/wp\/v2\/types\/post"}],"author":[{"embeddable":true,"href":"https:\/\/noticiasveracruz.com\/index.php\/wp-json\/wp\/v2\/users\/4"}],"replies":[{"embeddable":true,"href":"https:\/\/noticiasveracruz.com\/index.php\/wp-json\/wp\/v2\/comments?post=52277"}],"version-history":[{"count":0,"href":"https:\/\/noticiasveracruz.com\/index.php\/wp-json\/wp\/v2\/posts\/52277\/revisions"}],"wp:featuredmedia":[{"embeddable":true,"href":"https:\/\/noticiasveracruz.com\/index.php\/wp-json\/wp\/v2\/media\/52278"}],"wp:attachment":[{"href":"https:\/\/noticiasveracruz.com\/index.php\/wp-json\/wp\/v2\/media?parent=52277"}],"wp:term":[{"taxonomy":"category","embeddable":true,"href":"https:\/\/noticiasveracruz.com\/index.php\/wp-json\/wp\/v2\/categories?post=52277"},{"taxonomy":"post_tag","embeddable":true,"href":"https:\/\/noticiasveracruz.com\/index.php\/wp-json\/wp\/v2\/tags?post=52277"}],"curies":[{"name":"wp","href":"https:\/\/api.w.org\/{rel}","templated":true}]}}