{"id":52252,"date":"2025-03-13T00:20:52","date_gmt":"2025-03-13T06:20:52","guid":{"rendered":"https:\/\/noticiasveracruz.com\/?p=52252"},"modified":"2025-03-12T22:17:44","modified_gmt":"2025-03-13T04:17:44","slug":"rubio-descarta-hablar-en-cumbre-del-g7-sobre-apoderarse-de-canada","status":"publish","type":"post","link":"https:\/\/noticiasveracruz.com\/index.php\/2025\/03\/13\/rubio-descarta-hablar-en-cumbre-del-g7-sobre-apoderarse-de-canada\/","title":{"rendered":"Rubio descarta hablar en cumbre del G7 sobre \u201capoderarse\u201d de Canad\u00e1"},"content":{"rendered":"<p class=\"nota-justify\">El secretario de Estado estadunidense, Marco Rubio, afirm\u00f3 este mi\u00e9rcoles que la cuesti\u00f3n de c\u00f3mo \u00abva a apoderarse\u00bb Estados Unidos de Canad\u00e1 no se debatir\u00e1 en la reuni\u00f3n de ministros de Relaciones Exteriores del G7, que se celebrar\u00e1 el jueves en Canad\u00e1.<\/p>\n<p class=\"nota-justify\">Los ministros de Exteriores del Grupo de las Siete principales democracias mundiales -Reino Unido, Canad\u00e1, Francia, Alemania, Italia, Jap\u00f3n y Estados Unidos- se reunir\u00e1n en el balneario fluvial de La Malbaie (Quebec) del 12 al 14 de marzo por primera vez desde que el presidente Donald Trump volvi\u00f3 al poder en enero.<\/p>\n<p class=\"nota-justify\">Cuando los periodistas le preguntaron por los comentarios de Trump sobre convertir a Canad\u00e1 en el estado n\u00famero 51 de Estados Unidos, Rubio habl\u00f3 en cambio de las \u00e1reas de cooperaci\u00f3n entre ambos pa\u00edses, incluida la defensa del espacio a\u00e9reo norteamericano y Ucrania.<\/p>\n<p class=\"nota-justify\">\u00abEn el G7 vamos a estar centrados en todas esas cosas. De eso trata la reuni\u00f3n. No es una reuni\u00f3n sobre c\u00f3mo vamos a apoderarnos de Canad\u00e1\u00bb, afirm\u00f3.<\/p>\n<p class=\"nota-justify\">Los lazos de Estados Unidos con Canad\u00e1 se han agriado a ra\u00edz de los repetidos comentarios de Trump sobre que el vecino del norte es el estado n\u00famero 51 y sus referencias al primer ministro canadiense, Justin Trudeau, como su \u00abgobernador\u00bb.<\/p>\n<p class=\"nota-justify\">Los dos vecinos tambi\u00e9n est\u00e1n enzarzados en una guerra comercial.<\/p>\n<p class=\"nota-justify\">Trump aument\u00f3 los aranceles a las importaciones de acero y aluminio procedentes de Canad\u00e1, acusando al pa\u00eds de no hacer lo suficiente para frenar el flujo del mortal opioide fentanilo y sus precursores qu\u00edmicos hacia Estados Unidos y tambi\u00e9n en su intento de reordenar las normas comerciales mundiales a favor de Washington.<\/p>\n<p class=\"nota-justify\">Rubio dijo que Trump no est\u00e1 se\u00f1alando a ning\u00fan pa\u00eds, sino que est\u00e1 tratando de ayudar a desarrollar una capacidad industrial nacional, ya que la situaci\u00f3n actual amenaza la seguridad nacional de Estados Unidos en el largo plazo.<\/p>\n<p class=\"nota-justify\">El m\u00e1ximo diplom\u00e1tico estadunidense dijo que, pese a estas tensiones, espera mantener conversaciones fruct\u00edferas con los aliados del G7.<\/p>\n","protected":false},"excerpt":{"rendered":"<p>El secretario de Estado estadunidense, Marco Rubio, afirm\u00f3 este mi\u00e9rcoles que la cuesti\u00f3n de c\u00f3mo \u00abva a apoderarse\u00bb Estados Unidos<\/p>\n","protected":false},"author":4,"featured_media":52253,"comment_status":"closed","ping_status":"closed","sticky":false,"template":"","format":"standard","meta":{"colormag_page_container_layout":"default_layout","colormag_page_sidebar_layout":"default_layout","_jetpack_memberships_contains_paid_content":false,"footnotes":"","jetpack_publicize_message":"","jetpack_publicize_feature_enabled":true,"jetpack_social_post_already_shared":true,"jetpack_social_options":{"image_generator_settings":{"template":"highway","default_image_id":0,"font":"","enabled":false},"version":2}},"categories":[355],"tags":[],"class_list":["post-52252","post","type-post","status-publish","format-standard","has-post-thumbnail","hentry","category-internacional"],"jetpack_publicize_connections":[],"jetpack_featured_media_url":"https:\/\/noticiasveracruz.com\/wp-content\/uploads\/2025\/03\/RUBIO.jpg","jetpack_sharing_enabled":true,"publishpress_future_action":{"enabled":false,"date":"2026-05-10 05:41:56","action":"change-status","newStatus":"draft","terms":[],"taxonomy":"category","extraData":[]},"publishpress_future_workflow_manual_trigger":{"enabledWorkflows":[]},"_links":{"self":[{"href":"https:\/\/noticiasveracruz.com\/index.php\/wp-json\/wp\/v2\/posts\/52252","targetHints":{"allow":["GET"]}}],"collection":[{"href":"https:\/\/noticiasveracruz.com\/index.php\/wp-json\/wp\/v2\/posts"}],"about":[{"href":"https:\/\/noticiasveracruz.com\/index.php\/wp-json\/wp\/v2\/types\/post"}],"author":[{"embeddable":true,"href":"https:\/\/noticiasveracruz.com\/index.php\/wp-json\/wp\/v2\/users\/4"}],"replies":[{"embeddable":true,"href":"https:\/\/noticiasveracruz.com\/index.php\/wp-json\/wp\/v2\/comments?post=52252"}],"version-history":[{"count":0,"href":"https:\/\/noticiasveracruz.com\/index.php\/wp-json\/wp\/v2\/posts\/52252\/revisions"}],"wp:featuredmedia":[{"embeddable":true,"href":"https:\/\/noticiasveracruz.com\/index.php\/wp-json\/wp\/v2\/media\/52253"}],"wp:attachment":[{"href":"https:\/\/noticiasveracruz.com\/index.php\/wp-json\/wp\/v2\/media?parent=52252"}],"wp:term":[{"taxonomy":"category","embeddable":true,"href":"https:\/\/noticiasveracruz.com\/index.php\/wp-json\/wp\/v2\/categories?post=52252"},{"taxonomy":"post_tag","embeddable":true,"href":"https:\/\/noticiasveracruz.com\/index.php\/wp-json\/wp\/v2\/tags?post=52252"}],"curies":[{"name":"wp","href":"https:\/\/api.w.org\/{rel}","templated":true}]}}