{"id":52231,"date":"2025-03-13T00:13:03","date_gmt":"2025-03-13T06:13:03","guid":{"rendered":"https:\/\/noticiasveracruz.com\/?p=52231"},"modified":"2025-03-12T22:01:47","modified_gmt":"2025-03-13T04:01:47","slug":"alistan-operacion-de-nueva-sede-de-la-anam-en-nuevo-laredo","status":"publish","type":"post","link":"https:\/\/noticiasveracruz.com\/index.php\/2025\/03\/13\/alistan-operacion-de-nueva-sede-de-la-anam-en-nuevo-laredo\/","title":{"rendered":"Alistan operaci\u00f3n de nueva sede de la ANAM en Nuevo Laredo"},"content":{"rendered":"<p class=\"nota-justify\">La Agencia Nacional de Aduanas de M\u00e9xico (ANAM) enfoca sus esfuerzos en la conformaci\u00f3n de la plantilla laboral que operar\u00e1 en su nueva sede nacional, pr\u00f3xima a inaugurarse en Nuevo Laredo. A menos de dos meses de su apertura oficial, la reubicaci\u00f3n de empleados desde la Ciudad de M\u00e9xico ha tomado prioridad en la agenda de la instituci\u00f3n.<\/p>\n<p class=\"nota-justify\">Fuentes cercanas a la Aduana de Nuevo Laredo revelaron que al menos 500 empleados ya han confirmado su traslado a la nueva sede. Estas negociaciones, llevadas a cabo con el personal en la capital del pa\u00eds, buscan garantizar una transici\u00f3n ordenada antes de la fecha establecida para el inicio de operaciones.<\/p>\n<p class=\"nota-justify\">\u201cEl tiempo apremia, pues la inauguraci\u00f3n de la ANAM en Nuevo Laredo est\u00e1 programada para el 30 de abril. A\u00fan se est\u00e1n afinando detalles con el personal operativo y administrativo para asegurar su instalaci\u00f3n en la nueva sede\u201d, coment\u00f3 un trabajador de la aduana bajo condici\u00f3n de anonimato.<\/p>\n<p class=\"nota-justify\">A pesar del hermetismo con el que se ha manejado la integraci\u00f3n de la plantilla laboral, se considera que la llegada de estos 500 empleados ser\u00e1 suficiente para el arranque de operaciones en la frontera.<\/p>\n<p class=\"nota-justify\">Paralelamente, ha cobrado fuerza el rumor de que, como parte de la reestructuraci\u00f3n de la ANAM, se restablecer\u00e1 la presencia de personal civil tanto en \u00e1reas operativas como administrativas de las aduanas. Este cambio busca alinear los procesos aduaneros de M\u00e9xico con modelos internacionales como los de Canad\u00e1 y Estados Unidos, promoviendo una administraci\u00f3n m\u00e1s eficiente y estandarizada.<\/p>\n","protected":false},"excerpt":{"rendered":"<p>La Agencia Nacional de Aduanas de M\u00e9xico (ANAM) enfoca sus esfuerzos en la conformaci\u00f3n de la plantilla laboral que operar\u00e1<\/p>\n","protected":false},"author":4,"featured_media":52232,"comment_status":"closed","ping_status":"closed","sticky":false,"template":"","format":"standard","meta":{"colormag_page_container_layout":"default_layout","colormag_page_sidebar_layout":"default_layout","_jetpack_memberships_contains_paid_content":false,"footnotes":"","jetpack_publicize_message":"","jetpack_publicize_feature_enabled":true,"jetpack_social_post_already_shared":true,"jetpack_social_options":{"image_generator_settings":{"template":"highway","default_image_id":0,"font":"","enabled":false},"version":2}},"categories":[145],"tags":[],"class_list":["post-52231","post","type-post","status-publish","format-standard","has-post-thumbnail","hentry","category-estados"],"jetpack_publicize_connections":[],"jetpack_featured_media_url":"https:\/\/noticiasveracruz.com\/wp-content\/uploads\/2025\/03\/ANAM.jpg","jetpack_sharing_enabled":true,"publishpress_future_action":{"enabled":false,"date":"2026-05-10 03:59:35","action":"change-status","newStatus":"draft","terms":[],"taxonomy":"category","extraData":[]},"publishpress_future_workflow_manual_trigger":{"enabledWorkflows":[]},"_links":{"self":[{"href":"https:\/\/noticiasveracruz.com\/index.php\/wp-json\/wp\/v2\/posts\/52231","targetHints":{"allow":["GET"]}}],"collection":[{"href":"https:\/\/noticiasveracruz.com\/index.php\/wp-json\/wp\/v2\/posts"}],"about":[{"href":"https:\/\/noticiasveracruz.com\/index.php\/wp-json\/wp\/v2\/types\/post"}],"author":[{"embeddable":true,"href":"https:\/\/noticiasveracruz.com\/index.php\/wp-json\/wp\/v2\/users\/4"}],"replies":[{"embeddable":true,"href":"https:\/\/noticiasveracruz.com\/index.php\/wp-json\/wp\/v2\/comments?post=52231"}],"version-history":[{"count":0,"href":"https:\/\/noticiasveracruz.com\/index.php\/wp-json\/wp\/v2\/posts\/52231\/revisions"}],"wp:featuredmedia":[{"embeddable":true,"href":"https:\/\/noticiasveracruz.com\/index.php\/wp-json\/wp\/v2\/media\/52232"}],"wp:attachment":[{"href":"https:\/\/noticiasveracruz.com\/index.php\/wp-json\/wp\/v2\/media?parent=52231"}],"wp:term":[{"taxonomy":"category","embeddable":true,"href":"https:\/\/noticiasveracruz.com\/index.php\/wp-json\/wp\/v2\/categories?post=52231"},{"taxonomy":"post_tag","embeddable":true,"href":"https:\/\/noticiasveracruz.com\/index.php\/wp-json\/wp\/v2\/tags?post=52231"}],"curies":[{"name":"wp","href":"https:\/\/api.w.org\/{rel}","templated":true}]}}