{"id":52225,"date":"2025-03-13T00:11:30","date_gmt":"2025-03-13T06:11:30","guid":{"rendered":"https:\/\/noticiasveracruz.com\/?p=52225"},"modified":"2025-03-12T21:54:22","modified_gmt":"2025-03-13T03:54:22","slug":"cambia-moodys-perspectiva-del-sistema-bancario-mexicano-de-positiva-a-negativa","status":"publish","type":"post","link":"https:\/\/noticiasveracruz.com\/index.php\/2025\/03\/13\/cambia-moodys-perspectiva-del-sistema-bancario-mexicano-de-positiva-a-negativa\/","title":{"rendered":"Cambia Moody\u2019s perspectiva del sistema bancario mexicano de positiva a negativa"},"content":{"rendered":"<p class=\"nota-justify\">Moody\u2019s cambi\u00f3 la perspectiva del sistema bancario mexicano de positiva a negativa,\u00a0ya que la capacidad del gobierno para brindar apoyo se est\u00e1 deteriorando en consonancia con el debilitamiento de las pol\u00edticas y el marco institucional, que podr\u00eda socavar los resultados fiscales y econ\u00f3micos.<\/p>\n<p class=\"nota-justify\">-A su vez, el sector enfrenta la desaceleraci\u00f3n del crecimiento econ\u00f3mico en 2025, los efectos del menor gasto p\u00fablico, as\u00ed como cambios institucionales.<\/p>\n<p class=\"nota-justify\">La calificadora expuso que los bancos tambi\u00e9n enfrentan incertidumbres en torno a las relaciones comerciales entre M\u00e9xico y Estados Unidos, que generan m\u00e1s tensi\u00f3n en la din\u00e1mica macroecon\u00f3mica y reducen los vol\u00famenes de negocio de los bancos.<\/p>\n<p class=\"nota-justify\">\u201cA pesar de los prudentes est\u00e1ndares de originaci\u00f3n, los \u00edndices de pr\u00e9stamos vencidos probablemente aumentar\u00e1n a medida que maduren los pr\u00e9stamos de consumo, en un contexto de moderaci\u00f3n en el crecimiento de la cartera\u201d, destac\u00f3 Moody\u2019s.<\/p>\n<p class=\"nota-justify\">Sin embargo, plante\u00f3 que las reservas para p\u00e9rdidas crediticias y el capital se mantienen s\u00f3lidos, lo que favorece la absorci\u00f3n de p\u00e9rdidas.<\/p>\n<p class=\"nota-justify\">Se\u00f1al\u00f3 que tras alcanzar niveles casi hist\u00f3ricos, la rentabilidad recaer\u00e1 principalmente en mayores necesidades de provisiones y la aceleraci\u00f3n de las inversiones en digitalizaci\u00f3n para hacer frente a la creciente competencia por la llegada de nuevos bancos.<\/p>\n<p class=\"nota-justify\">Agreg\u00f3 que el financiamiento y la liquidez seguir\u00e1n benefici\u00e1ndose de amplios dep\u00f3sitos de clientes.<\/p>\n","protected":false},"excerpt":{"rendered":"<p>Moody\u2019s cambi\u00f3 la perspectiva del sistema bancario mexicano de positiva a negativa,\u00a0ya que la capacidad del gobierno para brindar apoyo<\/p>\n","protected":false},"author":4,"featured_media":52226,"comment_status":"closed","ping_status":"closed","sticky":false,"template":"","format":"standard","meta":{"colormag_page_container_layout":"default_layout","colormag_page_sidebar_layout":"default_layout","_jetpack_memberships_contains_paid_content":false,"footnotes":"","jetpack_publicize_message":"","jetpack_publicize_feature_enabled":true,"jetpack_social_post_already_shared":true,"jetpack_social_options":{"image_generator_settings":{"template":"highway","default_image_id":0,"font":"","enabled":false},"version":2}},"categories":[1947],"tags":[],"class_list":["post-52225","post","type-post","status-publish","format-standard","has-post-thumbnail","hentry","category-economia"],"jetpack_publicize_connections":[],"jetpack_featured_media_url":"https:\/\/noticiasveracruz.com\/wp-content\/uploads\/2025\/03\/MOO.jpg","jetpack_sharing_enabled":true,"publishpress_future_action":{"enabled":false,"date":"2026-05-08 07:04:59","action":"change-status","newStatus":"draft","terms":[],"taxonomy":"category","extraData":[]},"publishpress_future_workflow_manual_trigger":{"enabledWorkflows":[]},"_links":{"self":[{"href":"https:\/\/noticiasveracruz.com\/index.php\/wp-json\/wp\/v2\/posts\/52225","targetHints":{"allow":["GET"]}}],"collection":[{"href":"https:\/\/noticiasveracruz.com\/index.php\/wp-json\/wp\/v2\/posts"}],"about":[{"href":"https:\/\/noticiasveracruz.com\/index.php\/wp-json\/wp\/v2\/types\/post"}],"author":[{"embeddable":true,"href":"https:\/\/noticiasveracruz.com\/index.php\/wp-json\/wp\/v2\/users\/4"}],"replies":[{"embeddable":true,"href":"https:\/\/noticiasveracruz.com\/index.php\/wp-json\/wp\/v2\/comments?post=52225"}],"version-history":[{"count":0,"href":"https:\/\/noticiasveracruz.com\/index.php\/wp-json\/wp\/v2\/posts\/52225\/revisions"}],"wp:featuredmedia":[{"embeddable":true,"href":"https:\/\/noticiasveracruz.com\/index.php\/wp-json\/wp\/v2\/media\/52226"}],"wp:attachment":[{"href":"https:\/\/noticiasveracruz.com\/index.php\/wp-json\/wp\/v2\/media?parent=52225"}],"wp:term":[{"taxonomy":"category","embeddable":true,"href":"https:\/\/noticiasveracruz.com\/index.php\/wp-json\/wp\/v2\/categories?post=52225"},{"taxonomy":"post_tag","embeddable":true,"href":"https:\/\/noticiasveracruz.com\/index.php\/wp-json\/wp\/v2\/tags?post=52225"}],"curies":[{"name":"wp","href":"https:\/\/api.w.org\/{rel}","templated":true}]}}