{"id":52210,"date":"2025-03-13T00:06:07","date_gmt":"2025-03-13T06:06:07","guid":{"rendered":"https:\/\/noticiasveracruz.com\/?p=52210"},"modified":"2025-03-12T21:45:14","modified_gmt":"2025-03-13T03:45:14","slug":"ine-debera-fijar-nuevo-esquema-de-tope-de-campana-de-eleccion-judicial","status":"publish","type":"post","link":"https:\/\/noticiasveracruz.com\/index.php\/2025\/03\/13\/ine-debera-fijar-nuevo-esquema-de-tope-de-campana-de-eleccion-judicial\/","title":{"rendered":"INE deber\u00e1 fijar nuevo esquema de tope de campa\u00f1a de elecci\u00f3n judicial"},"content":{"rendered":"<p class=\"nota-justify\">El Instituto Nacional Electoral (INE) deber\u00e1 fijar un nuevo esquema de topes de campa\u00f1a de la elecci\u00f3n judicial, superior a los 220 mil 326 pesos para cada candidatura.<\/p>\n<p class=\"nota-justify\">La semana pasada, el consejo general del INE determin\u00f3 la cantidad anterior para todas las postulaciones, tanto las de alcance nacional como regional o distrital.<\/p>\n<p class=\"nota-justify\">Derivado de la reforma judicial, para estos comicios extraordinarios los candidatos no tendr\u00e1n financiamiento p\u00fablico, por lo que el monto que finalmente se les autorice deber\u00e1 ser de su propio bolsillo, bajo el concepto de \u201cgastos personales\u201d.<\/p>\n<p class=\"nota-justify\">En ese contexto se desarroll\u00f3 el debate y ante la resoluci\u00f3n del INE tres candidaturas (a ministro y magistrado de circuito) impugnaron, al mencionar que los aspirantes de un menor territorio tendr\u00edan ventajas.<\/p>\n<p class=\"nota-justify\">El asunto toc\u00f3 a Reyes Rodr\u00edguez, magistrado de la Sala Superior del Tribunal Electoral del Poder Judicial de la Federaci\u00f3n (TEPJF), cuyo proyecto fue admitido &#8211; en un hecho poco com\u00fan- por sus tres colegas del bloque mayoritario.<\/p>\n<p class=\"nota-justify\">El legislador consider\u00f3 que para la elecci\u00f3n judicial deb\u00eda considerarse para el gasto de campa\u00f1a lo mismo que se permite gastar a un candidato independiente a una diputaci\u00f3n federal.<\/p>\n<p class=\"nota-justify\">El magistrado Reyes concluy\u00f3 que el monto &#8211; para esta elecci\u00f3n extraordinaria- debe considerarse como \u201cbase\u201d y adecuarse en funci\u00f3n de cada tipo de elecci\u00f3n, esto es, el cargo, el electorado y la territorialidad en la que se celebre esa contienda.<\/p>\n<p class=\"nota-justify\">Por tanto ordena al INE dicte otro acuerdo \u201cen el que fije montos diferenciados para cada tipo de elecci\u00f3n, atendiendo a las normas aplicables al caso y conforme a los lineamientos expresados en la ejecutoria, contando con libertad de criterio para ello\u201d.<\/p>\n<p class=\"nota-justify\">El magistrado ponente adujo que el monto de los 220 mil 336 pesos no es \u00fanico o invariable sino que es una base o valor inicial, a partir del cual el INE debe determinar los \u201cdiferentes topes\u201d respecto de cada elecci\u00f3n.<\/p>\n<p class=\"nota-justify\">Se\u00f1al\u00f3 que el INE debe considerar que la elecci\u00f3n judicial corresponde a seis \u00f3rganos diferenciados, de ah\u00ed que es necesario tomar en cuenta lo anterior, adem\u00e1s, la cantidad de electores y el territorio &#8211; distrito uninominal y circunscripci\u00f3n- que abarca cada elecci\u00f3n.<\/p>\n<p class=\"nota-justify\">Aclar\u00f3 que lo anterior no significa que el monto del tope de gasto resulte de una multiplicaci\u00f3n, sino de tomar en cuenta que las personas compitan en condiciones de equidad en la contienda. \u201cFijar un monto m\u00e1ximo de gasto para esta elecci\u00f3n no es una tarea autom\u00e1tica\u201d.<\/p>\n<p class=\"nota-justify\">Janine Ot\u00e1lora, quien suele votar en el mismo sentido que Rodr\u00edguez, esta vez se separ\u00f3 del criterio, al argumentar que si se elevan los topes de gasto \u201ces n demas\u00eda, lo \u00fanico que se va a generar es una ventaja para las candidaturas que tengan mayor capacidad econ\u00f3mica, distorsionando con ello la cancha pareja que debe prevalecer cuando lo que se debe impedir es que las diferencias de recursos afecten la equidad en la contienda\u201d.<\/p>\n<p class=\"nota-justify\">A\u00f1adi\u00f3 que tampoco est\u00e1 de acuerdo en los par\u00e1metros de c\u00e1lculo que propuso el magistrado porque en todo caso deber\u00edan considerarse los distritos electorales judiciales.<\/p>\n<p class=\"nota-justify\">El aludido respondi\u00f3 que tampoco ser\u00eda razonable que el INE diga \u201cah, bueno, el l\u00edmite superior entonces es 66 millones de pesos porque es lo que resulta de 220 mil por 300 distritos\u201d.<\/p>\n<p class=\"nota-justify\">Por ello insisti\u00f3 en que no se trata de un ejercicio autom\u00e1tico sino de una lectora completa de todas las reglas .<\/p>\n<p class=\"nota-justify\">Al final, con cuatro votos a favor y uno en contra, se revoc\u00f3 el acuerdo del INE a fin de que dicte otro tope que sea \u201cproporcional, id\u00f3neo y necesario para garantizar una elecci\u00f3n en la que se cumpla con los principios constitucionales que regulan las elecciones\u201d.<\/p>\n","protected":false},"excerpt":{"rendered":"<p>El Instituto Nacional Electoral (INE) deber\u00e1 fijar un nuevo esquema de topes de campa\u00f1a de la elecci\u00f3n judicial, superior a<\/p>\n","protected":false},"author":4,"featured_media":52211,"comment_status":"closed","ping_status":"closed","sticky":false,"template":"","format":"standard","meta":{"colormag_page_container_layout":"default_layout","colormag_page_sidebar_layout":"default_layout","_jetpack_memberships_contains_paid_content":false,"footnotes":"","jetpack_publicize_message":"","jetpack_publicize_feature_enabled":true,"jetpack_social_post_already_shared":true,"jetpack_social_options":{"image_generator_settings":{"template":"highway","default_image_id":0,"font":"","enabled":false},"version":2}},"categories":[4],"tags":[],"class_list":["post-52210","post","type-post","status-publish","format-standard","has-post-thumbnail","hentry","category-nacional"],"jetpack_publicize_connections":[],"jetpack_featured_media_url":"https:\/\/noticiasveracruz.com\/wp-content\/uploads\/2025\/03\/INE.jpg","jetpack_sharing_enabled":true,"publishpress_future_action":{"enabled":false,"date":"2026-05-10 07:55:17","action":"change-status","newStatus":"draft","terms":[],"taxonomy":"category","extraData":[]},"publishpress_future_workflow_manual_trigger":{"enabledWorkflows":[]},"_links":{"self":[{"href":"https:\/\/noticiasveracruz.com\/index.php\/wp-json\/wp\/v2\/posts\/52210","targetHints":{"allow":["GET"]}}],"collection":[{"href":"https:\/\/noticiasveracruz.com\/index.php\/wp-json\/wp\/v2\/posts"}],"about":[{"href":"https:\/\/noticiasveracruz.com\/index.php\/wp-json\/wp\/v2\/types\/post"}],"author":[{"embeddable":true,"href":"https:\/\/noticiasveracruz.com\/index.php\/wp-json\/wp\/v2\/users\/4"}],"replies":[{"embeddable":true,"href":"https:\/\/noticiasveracruz.com\/index.php\/wp-json\/wp\/v2\/comments?post=52210"}],"version-history":[{"count":0,"href":"https:\/\/noticiasveracruz.com\/index.php\/wp-json\/wp\/v2\/posts\/52210\/revisions"}],"wp:featuredmedia":[{"embeddable":true,"href":"https:\/\/noticiasveracruz.com\/index.php\/wp-json\/wp\/v2\/media\/52211"}],"wp:attachment":[{"href":"https:\/\/noticiasveracruz.com\/index.php\/wp-json\/wp\/v2\/media?parent=52210"}],"wp:term":[{"taxonomy":"category","embeddable":true,"href":"https:\/\/noticiasveracruz.com\/index.php\/wp-json\/wp\/v2\/categories?post=52210"},{"taxonomy":"post_tag","embeddable":true,"href":"https:\/\/noticiasveracruz.com\/index.php\/wp-json\/wp\/v2\/tags?post=52210"}],"curies":[{"name":"wp","href":"https:\/\/api.w.org\/{rel}","templated":true}]}}