{"id":52204,"date":"2025-03-13T00:04:10","date_gmt":"2025-03-13T06:04:10","guid":{"rendered":"https:\/\/noticiasveracruz.com\/?p=52204"},"modified":"2025-03-12T21:06:05","modified_gmt":"2025-03-13T03:06:05","slug":"trabajan-para-lograr-200-toneladas-de-maiz","status":"publish","type":"post","link":"https:\/\/noticiasveracruz.com\/index.php\/2025\/03\/13\/trabajan-para-lograr-200-toneladas-de-maiz\/","title":{"rendered":"Trabajan para lograr 200 toneladas de ma\u00edz"},"content":{"rendered":"<p>El jefe del centro de acopio de alimentaci\u00f3n para el bienestar, Misael Gonz\u00e1lez M\u00e9ndez precis<span id=\"_GoBack\"><\/span>\u00f3 que, mediante reuniones con productores del campo de diversas comunidades de Castillo de Teayo y Tihuatl\u00e1n, sin duda que se puede lograr 200 toneladas de ma\u00edz a finales del mes de abril de este a\u00f1o.<\/p>\n<p>Mencion\u00f3 que, se han visitado las localidades La Guadalupe en Castillo de Teayo, la Concepci\u00f3n, Chichimantla, Xocotla en Tihuatl\u00e1n donde, los mismos productores de ma\u00edz se han comprometido vender su cosecha al centro de acopio, donde recibir\u00e1n 6 mil pesos por tonelada del grano.<\/p>\n<p>Gonz\u00e1lez M\u00e9ndez detall\u00f3 que, no se descarta a la gente del campo que haya sembrado frijol, del cual tambi\u00e9n lo pueden ofrecer con un valor de 27 mil pesos la tonelada, cuyo ingreso pasar\u00eda por diversos procesos de an\u00e1lisis y verificaci\u00f3n de calidad, logrando un pago inmediato.<\/p>\n<p>Record\u00f3 que, la captaci\u00f3n al centro de acopio ubicado en la calle Leona Vivario de cabecera municipal de Tihuatl\u00e1n est\u00e1 abierto en estas fechas hasta el 30 de abril, posteriormente se paralizara la actividad debido a la veda por el proceso electoral del 1\u00b0 de junio, cuya fecha posterior se reactivaran las actividades de ingreso de los granos.<\/p>\n<p>Concluy\u00f3 que, con la confianza de lograr la captaci\u00f3n prometida de ma\u00edz, las 200 toneladas o m\u00e1s que tambi\u00e9n pasar\u00edan por un proceso de verificaci\u00f3n de calidad y libre de plagas para un consumo de calidad.<\/p>\n","protected":false},"excerpt":{"rendered":"<p>El jefe del centro de acopio de alimentaci\u00f3n para el bienestar, Misael Gonz\u00e1lez M\u00e9ndez precis\u00f3 que, mediante reuniones con productores<\/p>\n","protected":false},"author":4,"featured_media":52205,"comment_status":"closed","ping_status":"closed","sticky":false,"template":"","format":"standard","meta":{"colormag_page_container_layout":"default_layout","colormag_page_sidebar_layout":"default_layout","_jetpack_memberships_contains_paid_content":false,"footnotes":"","jetpack_publicize_message":"","jetpack_publicize_feature_enabled":true,"jetpack_social_post_already_shared":true,"jetpack_social_options":{"image_generator_settings":{"template":"highway","default_image_id":0,"font":"","enabled":false},"version":2}},"categories":[356],"tags":[],"class_list":["post-52204","post","type-post","status-publish","format-standard","has-post-thumbnail","hentry","category-veracruz"],"jetpack_publicize_connections":[],"jetpack_featured_media_url":"https:\/\/noticiasveracruz.com\/wp-content\/uploads\/2025\/03\/7c.jpg","jetpack_sharing_enabled":true,"publishpress_future_action":{"enabled":false,"date":"2026-05-08 08:49:31","action":"change-status","newStatus":"draft","terms":[],"taxonomy":"category","extraData":[]},"publishpress_future_workflow_manual_trigger":{"enabledWorkflows":[]},"_links":{"self":[{"href":"https:\/\/noticiasveracruz.com\/index.php\/wp-json\/wp\/v2\/posts\/52204","targetHints":{"allow":["GET"]}}],"collection":[{"href":"https:\/\/noticiasveracruz.com\/index.php\/wp-json\/wp\/v2\/posts"}],"about":[{"href":"https:\/\/noticiasveracruz.com\/index.php\/wp-json\/wp\/v2\/types\/post"}],"author":[{"embeddable":true,"href":"https:\/\/noticiasveracruz.com\/index.php\/wp-json\/wp\/v2\/users\/4"}],"replies":[{"embeddable":true,"href":"https:\/\/noticiasveracruz.com\/index.php\/wp-json\/wp\/v2\/comments?post=52204"}],"version-history":[{"count":0,"href":"https:\/\/noticiasveracruz.com\/index.php\/wp-json\/wp\/v2\/posts\/52204\/revisions"}],"wp:featuredmedia":[{"embeddable":true,"href":"https:\/\/noticiasveracruz.com\/index.php\/wp-json\/wp\/v2\/media\/52205"}],"wp:attachment":[{"href":"https:\/\/noticiasveracruz.com\/index.php\/wp-json\/wp\/v2\/media?parent=52204"}],"wp:term":[{"taxonomy":"category","embeddable":true,"href":"https:\/\/noticiasveracruz.com\/index.php\/wp-json\/wp\/v2\/categories?post=52204"},{"taxonomy":"post_tag","embeddable":true,"href":"https:\/\/noticiasveracruz.com\/index.php\/wp-json\/wp\/v2\/tags?post=52204"}],"curies":[{"name":"wp","href":"https:\/\/api.w.org\/{rel}","templated":true}]}}