{"id":52201,"date":"2025-03-13T00:03:32","date_gmt":"2025-03-13T06:03:32","guid":{"rendered":"https:\/\/noticiasveracruz.com\/?p=52201"},"modified":"2025-03-12T21:03:31","modified_gmt":"2025-03-13T03:03:31","slug":"modernizaran-area-de-hospitalizacion","status":"publish","type":"post","link":"https:\/\/noticiasveracruz.com\/index.php\/2025\/03\/13\/modernizaran-area-de-hospitalizacion\/","title":{"rendered":"Modernizar\u00e1n \u00e1rea de hospitalizaci\u00f3n"},"content":{"rendered":"<p>El Gobierno del Estado, a trav\u00e9s de la Secretar\u00eda de Salud, realizar\u00e1 mejoras en el \u00e1rea de hospitalizaci\u00f3n del Instituto Veracruzano de Salud Mental Doctor Rafael Velasco Fern\u00e1ndez, a fin de optimizar su funcionamiento para brindar atenci\u00f3n de calidad a los pacientes.<\/p>\n<p>El titular de la dependencia, Valent\u00edn Herrera Alarc\u00f3n, subray\u00f3 la decisi\u00f3n de la gobernadora Roc\u00edo Nahle Garc\u00eda, de renovar las instalaciones de las unidades m\u00e9dicas del estado y de los servicios que ofrecen a la ciudadan\u00eda.<\/p>\n<p>El tambi\u00e9n director general de los Servicios de Salud de Veracruz realiz\u00f3 una inspecci\u00f3n del inmueble, para valorar su funcionamiento y ordenar las mejoras necesarias que permitan eficientar su atenci\u00f3n especializada.<\/p>\n<p>Durante el recorrido, reconoci\u00f3 al personal m\u00e9dico, de enfermer\u00eda y psicolog\u00eda, que trabajan en esta unidad de especialidad, por la importante labor que realizan para otorgar servicios de calidad, particularmente en el tratamiento de enfermedades mentales y problemas relacionados con el consumo de sustancias.<\/p>\n<p>El edificio cuenta con las condiciones adecuadas de estad\u00eda para hombres y mujeres, quienes est\u00e1n distribuidos de manera equitativa, con 30 camas para cada g\u00e9nero, a trav\u00e9s del equipo multidisciplinario reciben la atenci\u00f3n m\u00e9dica para cada paciente que acude en busca de ayuda especializada.<\/p>\n<p>Herrera Alarc\u00f3n destac\u00f3 la necesidad de mejorar el \u00e1rea de hospitalizaci\u00f3n para facilitar el traslado de pacientes a otras unidades, reafirmando el compromiso con el respeto a los derechos humanos como el de la salud para todas y todos.<\/p>\n<p>Enfatiz\u00f3 la importancia del bienestar de las y los pacientes que se encuentran hospitalizados en este centro, reafirmando el compromiso de la Secretar\u00eda con la calidad en los servicios ofrecidos.<\/p>\n","protected":false},"excerpt":{"rendered":"<p>El Gobierno del Estado, a trav\u00e9s de la Secretar\u00eda de Salud, realizar\u00e1 mejoras en el \u00e1rea de hospitalizaci\u00f3n del Instituto<\/p>\n","protected":false},"author":4,"featured_media":52202,"comment_status":"closed","ping_status":"closed","sticky":false,"template":"","format":"standard","meta":{"colormag_page_container_layout":"default_layout","colormag_page_sidebar_layout":"default_layout","_jetpack_memberships_contains_paid_content":false,"footnotes":"","jetpack_publicize_message":"","jetpack_publicize_feature_enabled":true,"jetpack_social_post_already_shared":true,"jetpack_social_options":{"image_generator_settings":{"template":"highway","default_image_id":0,"font":"","enabled":false},"version":2}},"categories":[356],"tags":[],"class_list":["post-52201","post","type-post","status-publish","format-standard","has-post-thumbnail","hentry","category-veracruz"],"jetpack_publicize_connections":[],"jetpack_featured_media_url":"https:\/\/noticiasveracruz.com\/wp-content\/uploads\/2025\/03\/92d29e85-8609-4da4-93a5-7f40d5594cee.jpg","jetpack_sharing_enabled":true,"publishpress_future_action":{"enabled":false,"date":"2026-05-08 07:04:51","action":"change-status","newStatus":"draft","terms":[],"taxonomy":"category","extraData":[]},"publishpress_future_workflow_manual_trigger":{"enabledWorkflows":[]},"_links":{"self":[{"href":"https:\/\/noticiasveracruz.com\/index.php\/wp-json\/wp\/v2\/posts\/52201","targetHints":{"allow":["GET"]}}],"collection":[{"href":"https:\/\/noticiasveracruz.com\/index.php\/wp-json\/wp\/v2\/posts"}],"about":[{"href":"https:\/\/noticiasveracruz.com\/index.php\/wp-json\/wp\/v2\/types\/post"}],"author":[{"embeddable":true,"href":"https:\/\/noticiasveracruz.com\/index.php\/wp-json\/wp\/v2\/users\/4"}],"replies":[{"embeddable":true,"href":"https:\/\/noticiasveracruz.com\/index.php\/wp-json\/wp\/v2\/comments?post=52201"}],"version-history":[{"count":0,"href":"https:\/\/noticiasveracruz.com\/index.php\/wp-json\/wp\/v2\/posts\/52201\/revisions"}],"wp:featuredmedia":[{"embeddable":true,"href":"https:\/\/noticiasveracruz.com\/index.php\/wp-json\/wp\/v2\/media\/52202"}],"wp:attachment":[{"href":"https:\/\/noticiasveracruz.com\/index.php\/wp-json\/wp\/v2\/media?parent=52201"}],"wp:term":[{"taxonomy":"category","embeddable":true,"href":"https:\/\/noticiasveracruz.com\/index.php\/wp-json\/wp\/v2\/categories?post=52201"},{"taxonomy":"post_tag","embeddable":true,"href":"https:\/\/noticiasveracruz.com\/index.php\/wp-json\/wp\/v2\/tags?post=52201"}],"curies":[{"name":"wp","href":"https:\/\/api.w.org\/{rel}","templated":true}]}}