{"id":52198,"date":"2025-03-13T00:02:16","date_gmt":"2025-03-13T06:02:16","guid":{"rendered":"https:\/\/noticiasveracruz.com\/?p=52198"},"modified":"2025-03-12T21:02:16","modified_gmt":"2025-03-13T03:02:16","slug":"capacita-sefiplan-a-funcionarios","status":"publish","type":"post","link":"https:\/\/noticiasveracruz.com\/index.php\/2025\/03\/13\/capacita-sefiplan-a-funcionarios\/","title":{"rendered":"Capacita Sefiplan a funcionarios"},"content":{"rendered":"<p>Con el Diplomado en Gobierno y gesti\u00f3n p\u00fablica, que inici\u00f3 este mi\u00e9rcoles, la Secretar\u00eda de Finanzas y Planeaci\u00f3n fomenta la eficiencia, transparencia y excelencia en el servicio p\u00fablico.<\/p>\n<p>Participan 224 funcionarios de 31 dependencias estatales, organismos p\u00fablicos descentralizados, universidades p\u00fablicas, El Colegio Veracruz, y los ayuntamientos de Acatl<span id=\"_GoBack\"><\/span>\u00e1n, Xico y Cuitl\u00e1huac.<\/p>\n<p>Esta capacitaci\u00f3n en modalidad videoconferencia tiene una duraci\u00f3n de 105 horas en las que se impartir\u00e1n 28 temas divididos en ocho m\u00f3dulos, el primero de los cuales es Gobierno y Administraci\u00f3n P\u00fablica en M\u00e9xico, impartido por Miguel \u00c1ngel J\u00e1come.<\/p>\n<p>Su finalidad es proporcionar a los participantes una comprensi\u00f3n integral de los principios, herramientas y mejores pr\u00e1cticas en gobierno y gesti\u00f3n p\u00fablica.<\/p>\n<p>Durante la inauguraci\u00f3n, encabezada por la directora general de Administraci\u00f3n de la dependencia, Beatriz Guill\u00e9n Jim\u00e9nez, el subsecretario de Finanzas y Administraci\u00f3n, Eric Dom\u00ednguez V\u00e1zquez, resalt\u00f3 la importancia de la profesionalizaci\u00f3n en la administraci\u00f3n p\u00fablica estatal.<\/p>\n","protected":false},"excerpt":{"rendered":"<p>Con el Diplomado en Gobierno y gesti\u00f3n p\u00fablica, que inici\u00f3 este mi\u00e9rcoles, la Secretar\u00eda de Finanzas y Planeaci\u00f3n fomenta la<\/p>\n","protected":false},"author":4,"featured_media":52199,"comment_status":"closed","ping_status":"closed","sticky":false,"template":"","format":"standard","meta":{"colormag_page_container_layout":"default_layout","colormag_page_sidebar_layout":"default_layout","_jetpack_memberships_contains_paid_content":false,"footnotes":"","jetpack_publicize_message":"","jetpack_publicize_feature_enabled":true,"jetpack_social_post_already_shared":true,"jetpack_social_options":{"image_generator_settings":{"template":"highway","default_image_id":0,"font":"","enabled":false},"version":2}},"categories":[356],"tags":[],"class_list":["post-52198","post","type-post","status-publish","format-standard","has-post-thumbnail","hentry","category-veracruz"],"jetpack_publicize_connections":[],"jetpack_featured_media_url":"https:\/\/noticiasveracruz.com\/wp-content\/uploads\/2025\/03\/8b-2-scaled.jpg","jetpack_sharing_enabled":true,"publishpress_future_action":{"enabled":false,"date":"2026-05-08 06:06:29","action":"change-status","newStatus":"draft","terms":[],"taxonomy":"category","extraData":[]},"publishpress_future_workflow_manual_trigger":{"enabledWorkflows":[]},"_links":{"self":[{"href":"https:\/\/noticiasveracruz.com\/index.php\/wp-json\/wp\/v2\/posts\/52198","targetHints":{"allow":["GET"]}}],"collection":[{"href":"https:\/\/noticiasveracruz.com\/index.php\/wp-json\/wp\/v2\/posts"}],"about":[{"href":"https:\/\/noticiasveracruz.com\/index.php\/wp-json\/wp\/v2\/types\/post"}],"author":[{"embeddable":true,"href":"https:\/\/noticiasveracruz.com\/index.php\/wp-json\/wp\/v2\/users\/4"}],"replies":[{"embeddable":true,"href":"https:\/\/noticiasveracruz.com\/index.php\/wp-json\/wp\/v2\/comments?post=52198"}],"version-history":[{"count":0,"href":"https:\/\/noticiasveracruz.com\/index.php\/wp-json\/wp\/v2\/posts\/52198\/revisions"}],"wp:featuredmedia":[{"embeddable":true,"href":"https:\/\/noticiasveracruz.com\/index.php\/wp-json\/wp\/v2\/media\/52199"}],"wp:attachment":[{"href":"https:\/\/noticiasveracruz.com\/index.php\/wp-json\/wp\/v2\/media?parent=52198"}],"wp:term":[{"taxonomy":"category","embeddable":true,"href":"https:\/\/noticiasveracruz.com\/index.php\/wp-json\/wp\/v2\/categories?post=52198"},{"taxonomy":"post_tag","embeddable":true,"href":"https:\/\/noticiasveracruz.com\/index.php\/wp-json\/wp\/v2\/tags?post=52198"}],"curies":[{"name":"wp","href":"https:\/\/api.w.org\/{rel}","templated":true}]}}