{"id":52175,"date":"2025-03-12T20:31:46","date_gmt":"2025-03-13T02:31:46","guid":{"rendered":"https:\/\/noticiasveracruz.com\/?p=52175"},"modified":"2025-03-12T20:31:46","modified_gmt":"2025-03-13T02:31:46","slug":"lanzan-convocatorias-para-formar-parte-de-la-corte-real-y-para-el-concurso-de-comparsas-del-carnaval-tuxpan-2025","status":"publish","type":"post","link":"https:\/\/noticiasveracruz.com\/index.php\/2025\/03\/12\/lanzan-convocatorias-para-formar-parte-de-la-corte-real-y-para-el-concurso-de-comparsas-del-carnaval-tuxpan-2025\/","title":{"rendered":"Lanzan convocatorias para formar parte de la Corte Real y para el Concurso de Comparsas del Carnaval Tuxpan 2025"},"content":{"rendered":"<p>Tuxpan, Ver., 12 de marzo de 2025.- El Comit\u00e9 de Carnaval dio a conocer las convocatorias para formar parte de la Corte Real y para participar en el Concurso de Comparsas del Carnaval Tuxpan 2025, que se llevar\u00e1 a cabo del 1 al 5 de mayo.<\/p>\n<p><img loading=\"lazy\" decoding=\"async\" class=\"alignnone size-medium wp-image-52180\" src=\"http:\/\/noticiasveracruz.com\/wp-content\/uploads\/2025\/03\/WhatsApp-Image-2025-03-12-at-15.45.42-194x300.jpeg\" alt=\"\" width=\"194\" height=\"300\" srcset=\"https:\/\/noticiasveracruz.com\/wp-content\/uploads\/2025\/03\/WhatsApp-Image-2025-03-12-at-15.45.42-194x300.jpeg 194w, https:\/\/noticiasveracruz.com\/wp-content\/uploads\/2025\/03\/WhatsApp-Image-2025-03-12-at-15.45.42-662x1024.jpeg 662w, https:\/\/noticiasveracruz.com\/wp-content\/uploads\/2025\/03\/WhatsApp-Image-2025-03-12-at-15.45.42-768x1187.jpeg 768w, https:\/\/noticiasveracruz.com\/wp-content\/uploads\/2025\/03\/WhatsApp-Image-2025-03-12-at-15.45.42-994x1536.jpeg 994w, https:\/\/noticiasveracruz.com\/wp-content\/uploads\/2025\/03\/WhatsApp-Image-2025-03-12-at-15.45.42.jpeg 1035w\" sizes=\"auto, (max-width: 194px) 100vw, 194px\" \/><\/p>\n<p>Los integrantes de la Corte Real: Reina, Rey de la Alegr\u00eda, Reyes Infantiles y Reina y Rey LGBTQ+ ser\u00e1n elegidos por un jurado calificador mediante cert\u00e1menes p\u00fablicos en la plaza c\u00edvica.<\/p>\n<p><img loading=\"lazy\" decoding=\"async\" class=\"alignnone size-medium wp-image-52179\" src=\"http:\/\/noticiasveracruz.com\/wp-content\/uploads\/2025\/03\/WhatsApp-Image-2025-03-12-at-15.45.42-1-194x300.jpeg\" alt=\"\" width=\"194\" height=\"300\" srcset=\"https:\/\/noticiasveracruz.com\/wp-content\/uploads\/2025\/03\/WhatsApp-Image-2025-03-12-at-15.45.42-1-194x300.jpeg 194w, https:\/\/noticiasveracruz.com\/wp-content\/uploads\/2025\/03\/WhatsApp-Image-2025-03-12-at-15.45.42-1-662x1024.jpeg 662w, https:\/\/noticiasveracruz.com\/wp-content\/uploads\/2025\/03\/WhatsApp-Image-2025-03-12-at-15.45.42-1-768x1187.jpeg 768w, https:\/\/noticiasveracruz.com\/wp-content\/uploads\/2025\/03\/WhatsApp-Image-2025-03-12-at-15.45.42-1-994x1536.jpeg 994w, https:\/\/noticiasveracruz.com\/wp-content\/uploads\/2025\/03\/WhatsApp-Image-2025-03-12-at-15.45.42-1.jpeg 1035w\" sizes=\"auto, (max-width: 194px) 100vw, 194px\" \/><\/p>\n<p>Las inscripciones son gratuitas y se realizan en las oficinas de la Direcci\u00f3n de Turismo, ubicadas en la planta baja de la biblioteca municipal, en el Parque Reforma, de lunes a viernes de 9:00 a 16:00 horas.<\/p>\n<p><img loading=\"lazy\" decoding=\"async\" class=\"alignnone size-medium wp-image-52178\" src=\"http:\/\/noticiasveracruz.com\/wp-content\/uploads\/2025\/03\/WhatsApp-Image-2025-03-12-at-15.45.41-194x300.jpeg\" alt=\"\" width=\"194\" height=\"300\" srcset=\"https:\/\/noticiasveracruz.com\/wp-content\/uploads\/2025\/03\/WhatsApp-Image-2025-03-12-at-15.45.41-194x300.jpeg 194w, https:\/\/noticiasveracruz.com\/wp-content\/uploads\/2025\/03\/WhatsApp-Image-2025-03-12-at-15.45.41-662x1024.jpeg 662w, https:\/\/noticiasveracruz.com\/wp-content\/uploads\/2025\/03\/WhatsApp-Image-2025-03-12-at-15.45.41-768x1187.jpeg 768w, https:\/\/noticiasveracruz.com\/wp-content\/uploads\/2025\/03\/WhatsApp-Image-2025-03-12-at-15.45.41-994x1536.jpeg 994w, https:\/\/noticiasveracruz.com\/wp-content\/uploads\/2025\/03\/WhatsApp-Image-2025-03-12-at-15.45.41.jpeg 1035w\" sizes=\"auto, (max-width: 194px) 100vw, 194px\" \/><\/p>\n<p>La fecha l\u00edmite para registrarse es el pr\u00f3ximo 28 de marzo para participar en los distintos cert\u00e1menes, mientras que para el concurso de comparsas el registro cierra el 21 de abril.<\/p>\n<p><img loading=\"lazy\" decoding=\"async\" class=\"alignnone size-medium wp-image-52177\" src=\"http:\/\/noticiasveracruz.com\/wp-content\/uploads\/2025\/03\/WhatsApp-Image-2025-03-12-at-15.45.41-2-194x300.jpeg\" alt=\"\" width=\"194\" height=\"300\" srcset=\"https:\/\/noticiasveracruz.com\/wp-content\/uploads\/2025\/03\/WhatsApp-Image-2025-03-12-at-15.45.41-2-194x300.jpeg 194w, https:\/\/noticiasveracruz.com\/wp-content\/uploads\/2025\/03\/WhatsApp-Image-2025-03-12-at-15.45.41-2-662x1024.jpeg 662w, https:\/\/noticiasveracruz.com\/wp-content\/uploads\/2025\/03\/WhatsApp-Image-2025-03-12-at-15.45.41-2-768x1187.jpeg 768w, https:\/\/noticiasveracruz.com\/wp-content\/uploads\/2025\/03\/WhatsApp-Image-2025-03-12-at-15.45.41-2-994x1536.jpeg 994w, https:\/\/noticiasveracruz.com\/wp-content\/uploads\/2025\/03\/WhatsApp-Image-2025-03-12-at-15.45.41-2.jpeg 1035w\" sizes=\"auto, (max-width: 194px) 100vw, 194px\" \/><\/p>\n<p>Para cualquier duda o informaci\u00f3n adicional, el Comit\u00e9 del Carnaval Tuxpan 2025 pone a disposici\u00f3n de la ciudadan\u00eda la p\u00e1gina de Facebook Carnaval Tuxpan Oficial: https:\/\/www.facebook.com\/CarnavalTuxpanOficial, as\u00ed como el correo electr\u00f3nico carnavaltuxpan2025@gmail.com<\/p>\n<p><img loading=\"lazy\" decoding=\"async\" class=\"alignnone size-medium wp-image-52176\" src=\"http:\/\/noticiasveracruz.com\/wp-content\/uploads\/2025\/03\/WhatsApp-Image-2025-03-12-at-15.45.41-1-194x300.jpeg\" alt=\"\" width=\"194\" height=\"300\" srcset=\"https:\/\/noticiasveracruz.com\/wp-content\/uploads\/2025\/03\/WhatsApp-Image-2025-03-12-at-15.45.41-1-194x300.jpeg 194w, https:\/\/noticiasveracruz.com\/wp-content\/uploads\/2025\/03\/WhatsApp-Image-2025-03-12-at-15.45.41-1-662x1024.jpeg 662w, https:\/\/noticiasveracruz.com\/wp-content\/uploads\/2025\/03\/WhatsApp-Image-2025-03-12-at-15.45.41-1-768x1187.jpeg 768w, https:\/\/noticiasveracruz.com\/wp-content\/uploads\/2025\/03\/WhatsApp-Image-2025-03-12-at-15.45.41-1-994x1536.jpeg 994w, https:\/\/noticiasveracruz.com\/wp-content\/uploads\/2025\/03\/WhatsApp-Image-2025-03-12-at-15.45.41-1.jpeg 1035w\" sizes=\"auto, (max-width: 194px) 100vw, 194px\" \/><\/p>\n","protected":false},"excerpt":{"rendered":"<p>Tuxpan, Ver., 12 de marzo de 2025.- El Comit\u00e9 de Carnaval dio a conocer las convocatorias para formar parte de<\/p>\n","protected":false},"author":4,"featured_media":52181,"comment_status":"closed","ping_status":"closed","sticky":false,"template":"","format":"standard","meta":{"colormag_page_container_layout":"default_layout","colormag_page_sidebar_layout":"default_layout","_jetpack_memberships_contains_paid_content":false,"footnotes":"","jetpack_publicize_message":"","jetpack_publicize_feature_enabled":true,"jetpack_social_post_already_shared":true,"jetpack_social_options":{"image_generator_settings":{"template":"highway","default_image_id":0,"font":"","enabled":false},"version":2}},"categories":[3372,356],"tags":[],"class_list":["post-52175","post","type-post","status-publish","format-standard","has-post-thumbnail","hentry","category-gobierno-tuxpan","category-veracruz"],"jetpack_publicize_connections":[],"jetpack_featured_media_url":"https:\/\/noticiasveracruz.com\/wp-content\/uploads\/2025\/03\/carnaval-mascara.jpg","jetpack_sharing_enabled":true,"publishpress_future_action":{"enabled":false,"date":"2026-05-08 03:27:29","action":"change-status","newStatus":"draft","terms":[],"taxonomy":"category","extraData":[]},"publishpress_future_workflow_manual_trigger":{"enabledWorkflows":[]},"_links":{"self":[{"href":"https:\/\/noticiasveracruz.com\/index.php\/wp-json\/wp\/v2\/posts\/52175","targetHints":{"allow":["GET"]}}],"collection":[{"href":"https:\/\/noticiasveracruz.com\/index.php\/wp-json\/wp\/v2\/posts"}],"about":[{"href":"https:\/\/noticiasveracruz.com\/index.php\/wp-json\/wp\/v2\/types\/post"}],"author":[{"embeddable":true,"href":"https:\/\/noticiasveracruz.com\/index.php\/wp-json\/wp\/v2\/users\/4"}],"replies":[{"embeddable":true,"href":"https:\/\/noticiasveracruz.com\/index.php\/wp-json\/wp\/v2\/comments?post=52175"}],"version-history":[{"count":0,"href":"https:\/\/noticiasveracruz.com\/index.php\/wp-json\/wp\/v2\/posts\/52175\/revisions"}],"wp:featuredmedia":[{"embeddable":true,"href":"https:\/\/noticiasveracruz.com\/index.php\/wp-json\/wp\/v2\/media\/52181"}],"wp:attachment":[{"href":"https:\/\/noticiasveracruz.com\/index.php\/wp-json\/wp\/v2\/media?parent=52175"}],"wp:term":[{"taxonomy":"category","embeddable":true,"href":"https:\/\/noticiasveracruz.com\/index.php\/wp-json\/wp\/v2\/categories?post=52175"},{"taxonomy":"post_tag","embeddable":true,"href":"https:\/\/noticiasveracruz.com\/index.php\/wp-json\/wp\/v2\/tags?post=52175"}],"curies":[{"name":"wp","href":"https:\/\/api.w.org\/{rel}","templated":true}]}}