{"id":52135,"date":"2025-03-12T00:11:57","date_gmt":"2025-03-12T06:11:57","guid":{"rendered":"https:\/\/noticiasveracruz.com\/?p=52135"},"modified":"2025-03-11T23:20:45","modified_gmt":"2025-03-12T05:20:45","slug":"avanzo-9-el-credito-bancario-en-enero-reporta-la-cnbv","status":"publish","type":"post","link":"https:\/\/noticiasveracruz.com\/index.php\/2025\/03\/12\/avanzo-9-el-credito-bancario-en-enero-reporta-la-cnbv\/","title":{"rendered":"Avanz\u00f3 9% el cr\u00e9dito bancario en enero, reporta la CNBV"},"content":{"rendered":"<p class=\"nota-justify\">Al cierre de enero, el saldo de la cartera de cr\u00e9dito de la banca alcanz\u00f3 un monto de siete billones 693 mil 676 millones de pesos, lo que implic\u00f3 un crecimiento de 9.5 por ciento, en t\u00e9rminos reales, respecto a lo reportado en el mismo mes del a\u00f1o pasado, demuestran las \u00faltimas cifras de la Comisi\u00f3n Nacional Bancaria y de Valores (CNBV).<\/p>\n<p class=\"nota-justify\">Al interior, el portafolio de los financiamientos de consumo, que incluyen las tarjetas de cr\u00e9dito, los pr\u00e9stamos de n\u00f3mina o los personales, se situ\u00f3 en un bill\u00f3n 702 mil 817 millones de pesos, lo que signific\u00f3 un aumento de 14.5 por ciento respecto a lo reportado en enero de 2024, que fue un bill\u00f3n 435 mil 639 millones de pesos.<\/p>\n<p class=\"nota-justify\">La disminuci\u00f3n en las tasas de inter\u00e9s provoc\u00f3 que el crecimiento de los portafolios fuera mejor respecto a lo reportado en enero del a\u00f1o previo, toda vez que, en ese entonces, el saldo de la cartera total crec\u00eda a un ritmo de 3.3 por ciento y los de consumo 11.3 por ciento.<\/p>\n<p class=\"nota-justify\">Seg\u00fan las estad\u00edsticas oficiales, el financiamiento otorgado a las empresas por parte de los bancos alcanz\u00f3 un saldo de cuatro billones 556 mil 37 millones de pesos, lo que signific\u00f3 un avance de 9.7 por ciento en t\u00e9rminos reales si se compara con los cuatro billones nueve mil 365 millones de pesos reportados en el primer mes del a\u00f1o pasado.<\/p>\n<p class=\"nota-justify\">En tanto, en el segmento de los cr\u00e9ditos hipotecarios, el saldo del portafolio de cr\u00e9dito se ubic\u00f3 en un bill\u00f3n 434 mil 821 millones de pesos, mientras que en enero de hace un a\u00f1o, la cifra era de un bill\u00f3n 335 mil 506 millones de pesos, lo que traduce en un crecimiento de 3.7 por ciento en t\u00e9rminos reales en el periodo de referencia.<\/p>\n<p class=\"nota-justify\">El crecimiento en los portafolios resulta una sorpresa positiva para los bancos, instituciones que anticipan un menor crecimiento de la cartera este a\u00f1o como resultado de una eventual desaceleraci\u00f3n de la econom\u00eda.<\/p>\n<p class=\"nota-justify\">\u201cEsperamos que haya una disminuci\u00f3n en la cartera de cr\u00e9dito, pero, por el otro lado seguimos viendo que hay oportunidades de crecimiento por la situaci\u00f3n geogr\u00e1fica de M\u00e9xico, por participar en el T-MEC, pero tambi\u00e9n porque al bajar las tasas de inter\u00e9s tambi\u00e9n podr\u00e1 ser mucho m\u00e1s f\u00e1cil que las empresas y las personas, en t\u00e9rminos generales, puedan utilizar m\u00e1s cr\u00e9dito a una mejor tasa\u201d, dijo recientemente en una conferencia de prensa Julio Carranza, presidente de la Asociaci\u00f3n de Bancos de M\u00e9xico (ABM).<\/p>\n<p class=\"nota-justify\">Conforme a los datos, estos intermediarios financieros consideran que los pr\u00e9stamos de consumo (que resultan los que tuvieron la mayor tasa de crecimiento en enero), ser\u00e1n los menos afectados y los empresariales pudieran ser los que tengan las bajas m\u00e1s importantes en su dinamismo.<\/p>\n","protected":false},"excerpt":{"rendered":"<p>Al cierre de enero, el saldo de la cartera de cr\u00e9dito de la banca alcanz\u00f3 un monto de siete billones<\/p>\n","protected":false},"author":4,"featured_media":52136,"comment_status":"closed","ping_status":"closed","sticky":false,"template":"","format":"standard","meta":{"colormag_page_container_layout":"default_layout","colormag_page_sidebar_layout":"default_layout","_jetpack_memberships_contains_paid_content":false,"footnotes":"","jetpack_publicize_message":"","jetpack_publicize_feature_enabled":true,"jetpack_social_post_already_shared":true,"jetpack_social_options":{"image_generator_settings":{"template":"highway","default_image_id":0,"font":"","enabled":false},"version":2}},"categories":[1947],"tags":[],"class_list":["post-52135","post","type-post","status-publish","format-standard","has-post-thumbnail","hentry","category-economia"],"jetpack_publicize_connections":[],"jetpack_featured_media_url":"https:\/\/noticiasveracruz.com\/wp-content\/uploads\/2025\/03\/AA1zttQB.jpg","jetpack_sharing_enabled":true,"publishpress_future_action":{"enabled":false,"date":"2026-05-08 08:58:28","action":"change-status","newStatus":"draft","terms":[],"taxonomy":"category","extraData":[]},"publishpress_future_workflow_manual_trigger":{"enabledWorkflows":[]},"_links":{"self":[{"href":"https:\/\/noticiasveracruz.com\/index.php\/wp-json\/wp\/v2\/posts\/52135","targetHints":{"allow":["GET"]}}],"collection":[{"href":"https:\/\/noticiasveracruz.com\/index.php\/wp-json\/wp\/v2\/posts"}],"about":[{"href":"https:\/\/noticiasveracruz.com\/index.php\/wp-json\/wp\/v2\/types\/post"}],"author":[{"embeddable":true,"href":"https:\/\/noticiasveracruz.com\/index.php\/wp-json\/wp\/v2\/users\/4"}],"replies":[{"embeddable":true,"href":"https:\/\/noticiasveracruz.com\/index.php\/wp-json\/wp\/v2\/comments?post=52135"}],"version-history":[{"count":0,"href":"https:\/\/noticiasveracruz.com\/index.php\/wp-json\/wp\/v2\/posts\/52135\/revisions"}],"wp:featuredmedia":[{"embeddable":true,"href":"https:\/\/noticiasveracruz.com\/index.php\/wp-json\/wp\/v2\/media\/52136"}],"wp:attachment":[{"href":"https:\/\/noticiasveracruz.com\/index.php\/wp-json\/wp\/v2\/media?parent=52135"}],"wp:term":[{"taxonomy":"category","embeddable":true,"href":"https:\/\/noticiasveracruz.com\/index.php\/wp-json\/wp\/v2\/categories?post=52135"},{"taxonomy":"post_tag","embeddable":true,"href":"https:\/\/noticiasveracruz.com\/index.php\/wp-json\/wp\/v2\/tags?post=52135"}],"curies":[{"name":"wp","href":"https:\/\/api.w.org\/{rel}","templated":true}]}}