{"id":52129,"date":"2025-03-12T00:09:32","date_gmt":"2025-03-12T06:09:32","guid":{"rendered":"https:\/\/noticiasveracruz.com\/?p=52129"},"modified":"2025-03-11T23:16:22","modified_gmt":"2025-03-12T05:16:22","slug":"pemex-reitera-impulso-al-suministro-interno-y-reduccion-de-importaciones","status":"publish","type":"post","link":"https:\/\/noticiasveracruz.com\/index.php\/2025\/03\/12\/pemex-reitera-impulso-al-suministro-interno-y-reduccion-de-importaciones\/","title":{"rendered":"Pemex reitera impulso al suministro interno y reducci\u00f3n de importaciones"},"content":{"rendered":"<p class=\"nota-justify\">Petr\u00f3leos Mexicanos (Pemex) espera seguir desviando barriles de crudo pesado de las refiner\u00edas estadunidenses de la costa del Golfo de M\u00e9xico a medida que su nueva refiner\u00eda Olmeca aumenta su nivel de procesamiento, dijo el martes Margarita P\u00e9rez, directora del brazo comercial de la empresa, PMI.<\/p>\n<p class=\"nota-justify\">La decisi\u00f3n de Pemex de priorizar la refinaci\u00f3n local por encima de la exportaci\u00f3n comenz\u00f3 hace unos seis a\u00f1os con el gobierno anterior de M\u00e9xico, que trat\u00f3 de impulsar el suministro interno de gasolina y di\u00e9sel para reducir la dependencia del pa\u00eds de los combustibles importados, en gran parte desde las refiner\u00edas de Estados Unidos.<\/p>\n<p class=\"nota-justify\">La presidenta de M\u00e9xico, Claudia Sheinbaum, quien asumi\u00f3 el cargo en octubre, ha continuado con esta pol\u00edtica, argumentando, al igual que su predecesor, el expresidente Andr\u00e9s Manuel L\u00f3pez Obrador, que es necesaria para impulsar la autosuficiencia energ\u00e9tica nacional.<\/p>\n<p class=\"nota-justify\">P\u00e9rez dijo que la refiner\u00eda Olmeca, situada cerca del puerto de Dos Bocas, en la costa del Golfo de M\u00e9xico, en el estado Tabasco, alcanzar\u00e1 probablemente su capacidad total de procesamiento de 340 mil barriles por d\u00eda (bpd) el a\u00f1o que viene.<\/p>\n<p class=\"nota-justify\">La instalaci\u00f3n es la s\u00e9ptima refiner\u00eda de Pemex en territorio mexicano y ha sufrido m\u00faltiples retrasos desde su inauguraci\u00f3n formal en 2022. La petrolera tambi\u00e9n posee y opera en su totalidad la refiner\u00eda Deer Park, cerca de Houston.<\/p>\n<p class=\"nota-justify\">La jefa de PMI habl\u00f3 en la conferencia de energ\u00eda CERAWeek en Houston, donde algunas compa\u00f1\u00edas petroleras que operan en el pa\u00eds, incluyendo Harbour Energy, mostraron optimismo sobre nuevos contratos de energ\u00eda que se ofrecer\u00e1n pronto para asociarse con Pemex.<\/p>\n<p class=\"nota-justify\">Los contratos traer\u00e1n nuevas inversiones al pa\u00eds, dijo en la conferencia el vicepresidente de Harbour, Gustavo Baquero.<\/p>\n","protected":false},"excerpt":{"rendered":"<p>Petr\u00f3leos Mexicanos (Pemex) espera seguir desviando barriles de crudo pesado de las refiner\u00edas estadunidenses de la costa del Golfo de<\/p>\n","protected":false},"author":4,"featured_media":52130,"comment_status":"closed","ping_status":"closed","sticky":false,"template":"","format":"standard","meta":{"colormag_page_container_layout":"default_layout","colormag_page_sidebar_layout":"default_layout","_jetpack_memberships_contains_paid_content":false,"footnotes":"","jetpack_publicize_message":"","jetpack_publicize_feature_enabled":true,"jetpack_social_post_already_shared":true,"jetpack_social_options":{"image_generator_settings":{"template":"highway","default_image_id":0,"font":"","enabled":false},"version":2}},"categories":[1947],"tags":[],"class_list":["post-52129","post","type-post","status-publish","format-standard","has-post-thumbnail","hentry","category-economia"],"jetpack_publicize_connections":[],"jetpack_featured_media_url":"https:\/\/noticiasveracruz.com\/wp-content\/uploads\/2025\/03\/IMPORTACIONES-DE-GASOLINA-DE-PEMEX-SE-DISPARAN-POR_EwUrQ.jpg","jetpack_sharing_enabled":true,"publishpress_future_action":{"enabled":false,"date":"2026-05-10 04:32:10","action":"change-status","newStatus":"draft","terms":[],"taxonomy":"category","extraData":[]},"publishpress_future_workflow_manual_trigger":{"enabledWorkflows":[]},"_links":{"self":[{"href":"https:\/\/noticiasveracruz.com\/index.php\/wp-json\/wp\/v2\/posts\/52129","targetHints":{"allow":["GET"]}}],"collection":[{"href":"https:\/\/noticiasveracruz.com\/index.php\/wp-json\/wp\/v2\/posts"}],"about":[{"href":"https:\/\/noticiasveracruz.com\/index.php\/wp-json\/wp\/v2\/types\/post"}],"author":[{"embeddable":true,"href":"https:\/\/noticiasveracruz.com\/index.php\/wp-json\/wp\/v2\/users\/4"}],"replies":[{"embeddable":true,"href":"https:\/\/noticiasveracruz.com\/index.php\/wp-json\/wp\/v2\/comments?post=52129"}],"version-history":[{"count":0,"href":"https:\/\/noticiasveracruz.com\/index.php\/wp-json\/wp\/v2\/posts\/52129\/revisions"}],"wp:featuredmedia":[{"embeddable":true,"href":"https:\/\/noticiasveracruz.com\/index.php\/wp-json\/wp\/v2\/media\/52130"}],"wp:attachment":[{"href":"https:\/\/noticiasveracruz.com\/index.php\/wp-json\/wp\/v2\/media?parent=52129"}],"wp:term":[{"taxonomy":"category","embeddable":true,"href":"https:\/\/noticiasveracruz.com\/index.php\/wp-json\/wp\/v2\/categories?post=52129"},{"taxonomy":"post_tag","embeddable":true,"href":"https:\/\/noticiasveracruz.com\/index.php\/wp-json\/wp\/v2\/tags?post=52129"}],"curies":[{"name":"wp","href":"https:\/\/api.w.org\/{rel}","templated":true}]}}