{"id":52126,"date":"2025-03-12T00:08:08","date_gmt":"2025-03-12T06:08:08","guid":{"rendered":"https:\/\/noticiasveracruz.com\/?p=52126"},"modified":"2025-03-11T22:56:28","modified_gmt":"2025-03-12T04:56:28","slug":"reforma-a-ley-del-issste-no-se-ha-retirado-esta-en-pausa-sheinbaum","status":"publish","type":"post","link":"https:\/\/noticiasveracruz.com\/index.php\/2025\/03\/12\/reforma-a-ley-del-issste-no-se-ha-retirado-esta-en-pausa-sheinbaum\/","title":{"rendered":"Reforma a ley del Issste \u00abno se ha retirado, est\u00e1 en pausa\u00bb: Sheinbaum"},"content":{"rendered":"<p>La presidenta Claudia Sheinbaum Pardo dej\u00f3 claro que la reforma constitucional a la ley del Issste \u201cno se ha retirado, se pone en pausa en el Congreso para su aprobaci\u00f3n posterior\u201d.<\/p>\n<p>En respuesta al rechazo del magisterio disidente a la aprobaci\u00f3n de esa normativa, la jefa del Ejecutivo inform\u00f3 que el pr\u00f3ximo viernes la titular de la Secretar\u00eda de Gobernaci\u00f3n, Rosa Icela Rodr\u00edguez, se reunir\u00e1 con representantes de la Coordinadora Nacional de Trabajadores de la Educaci\u00f3n, a fin de seguir las negociaciones para continuar con dicha reforma.<\/p>\n<p>\u201cVa a tener reuni\u00f3n viernes la secretaria de Gobernaci\u00f3n con parte de la dirigencia de la CNTE. La reforma era buena para maestros y para los trabajadores del Estado\u201d, se\u00f1al\u00f3 a pregunta sobre el tema en la ma\u00f1anera de este martes.<\/p>\n<p>Reiter\u00f3 que los docentes del pa\u00eds deben tener claro, al igual que el resto de los trabajadores del Estado, que es muy importante que se avance sobre todo en el asunto de corregir los altos adeudos en cr\u00e9ditos de vivienda que tienen \u00a0miles de derechohabientes.<\/p>\n<p>\u201cHay gente que tiene deudas impagables del Fovissste se les pueda reducir. Va a haber di\u00e1logo y se trabaja en otros temas con la mesa de di\u00e1logo con la CNTE y el SNTE\u201d.<\/p>\n","protected":false},"excerpt":{"rendered":"<p>La presidenta Claudia Sheinbaum Pardo dej\u00f3 claro que la reforma constitucional a la ley del Issste \u201cno se ha retirado,<\/p>\n","protected":false},"author":4,"featured_media":52127,"comment_status":"closed","ping_status":"closed","sticky":false,"template":"","format":"standard","meta":{"colormag_page_container_layout":"default_layout","colormag_page_sidebar_layout":"default_layout","_jetpack_memberships_contains_paid_content":false,"footnotes":"","jetpack_publicize_message":"","jetpack_publicize_feature_enabled":true,"jetpack_social_post_already_shared":true,"jetpack_social_options":{"image_generator_settings":{"template":"highway","default_image_id":0,"font":"","enabled":false},"version":2}},"categories":[4],"tags":[],"class_list":["post-52126","post","type-post","status-publish","format-standard","has-post-thumbnail","hentry","category-nacional"],"jetpack_publicize_connections":[],"jetpack_featured_media_url":"https:\/\/noticiasveracruz.com\/wp-content\/uploads\/2025\/03\/CNT.jpg","jetpack_sharing_enabled":true,"publishpress_future_action":{"enabled":false,"date":"2026-05-10 05:27:30","action":"change-status","newStatus":"draft","terms":[],"taxonomy":"category","extraData":[]},"publishpress_future_workflow_manual_trigger":{"enabledWorkflows":[]},"_links":{"self":[{"href":"https:\/\/noticiasveracruz.com\/index.php\/wp-json\/wp\/v2\/posts\/52126","targetHints":{"allow":["GET"]}}],"collection":[{"href":"https:\/\/noticiasveracruz.com\/index.php\/wp-json\/wp\/v2\/posts"}],"about":[{"href":"https:\/\/noticiasveracruz.com\/index.php\/wp-json\/wp\/v2\/types\/post"}],"author":[{"embeddable":true,"href":"https:\/\/noticiasveracruz.com\/index.php\/wp-json\/wp\/v2\/users\/4"}],"replies":[{"embeddable":true,"href":"https:\/\/noticiasveracruz.com\/index.php\/wp-json\/wp\/v2\/comments?post=52126"}],"version-history":[{"count":0,"href":"https:\/\/noticiasveracruz.com\/index.php\/wp-json\/wp\/v2\/posts\/52126\/revisions"}],"wp:featuredmedia":[{"embeddable":true,"href":"https:\/\/noticiasveracruz.com\/index.php\/wp-json\/wp\/v2\/media\/52127"}],"wp:attachment":[{"href":"https:\/\/noticiasveracruz.com\/index.php\/wp-json\/wp\/v2\/media?parent=52126"}],"wp:term":[{"taxonomy":"category","embeddable":true,"href":"https:\/\/noticiasveracruz.com\/index.php\/wp-json\/wp\/v2\/categories?post=52126"},{"taxonomy":"post_tag","embeddable":true,"href":"https:\/\/noticiasveracruz.com\/index.php\/wp-json\/wp\/v2\/tags?post=52126"}],"curies":[{"name":"wp","href":"https:\/\/api.w.org\/{rel}","templated":true}]}}