{"id":52117,"date":"2025-03-12T00:05:07","date_gmt":"2025-03-12T06:05:07","guid":{"rendered":"https:\/\/noticiasveracruz.com\/?p=52117"},"modified":"2025-03-11T22:48:09","modified_gmt":"2025-03-12T04:48:09","slug":"aprueban-dictamen-con-paquete-de-10-leyes-que-regulan-la-reforma-energetica","status":"publish","type":"post","link":"https:\/\/noticiasveracruz.com\/index.php\/2025\/03\/12\/aprueban-dictamen-con-paquete-de-10-leyes-que-regulan-la-reforma-energetica\/","title":{"rendered":"Aprueban dictamen con paquete de 10 leyes que regulan la reforma energ\u00e9tica"},"content":{"rendered":"<p class=\"nota-justify\">La Comisi\u00f3n de Energ\u00eda de la C\u00e1mara de Diputados aprob\u00f3 esta tarde el dictamen con el paquete de 10 leyes que regulan la reforma constitucional en materia energ\u00e9tica y que, explicaron legisladores, recupera para el Estado la regulaci\u00f3n y el manejo de la pol\u00edtica en materia de hidrocarburos y electricidad.<\/p>\n<p class=\"nota-justify\">En un an\u00e1lisis de solo media hora, se detall\u00f3 que, con la nueva ley del sector de hidrocarburos, se revierte el modelo de asociaci\u00f3n con la iniciativa privada que se impuso en la reforma energ\u00e9tica de 2013 para la exploraci\u00f3n y explotaci\u00f3n de hidrocarburos.<\/p>\n<p class=\"nota-justify\">Con el nuevo esquema para Petr\u00f3leos Mexicanos (Pemex), se explica en el dictamen que ser\u00e1 discutido ma\u00f1ana en el pleno de la c\u00e1mara, se incluyen dos modalidades de inversi\u00f3n: asignaciones para desarrollo propio y asignaciones para desarrollo mixto.<\/p>\n<p class=\"nota-justify\">Esto es, para asignaciones de desarrollo propio, Pemex puede desarrollar proyectos de hidrocarburos con inversi\u00f3n propia y solo puede celebrar contratos de servicios con particulares, siempre que la contra prestaci\u00f3n se realice en efectivo.<\/p>\n<p class=\"nota-justify\">Mientras que en las de desarrollo mixto, Pemex mantiene el derecho exclusivo sobre la asignaci\u00f3n y no puede transferir, ceder u otorgar este derecho a terceros por ning\u00fan motivo. Pemex puede celebrar alianzas o asociaciones con personas morales.<\/p>\n<p class=\"nota-justify\">La comisi\u00f3n explic\u00f3 tambi\u00e9n que un tercer esquema ser\u00eda validado por un contrato de la empresa petrolera con un prestador de servicio para exploraci\u00f3n, perforaci\u00f3n o extracci\u00f3n.<\/p>\n<p class=\"nota-justify\">El PRI vot\u00f3 en contra. La diputada Ver\u00f3nica Mart\u00ednez argument\u00f3 que la reforma de Enrique Pe\u00f1a Nieto \u201cfue un paso hacia adelante, que permiti\u00f3 m\u00e1s inversi\u00f3n, competencia y mejores precios. La diferencia es que con esta minuta se elimina la posibilidad que las empresas del Estado compitan en igualdad con la iniciativa privada, ya que se aplicar\u00e1 una regulaci\u00f3n asim\u00e9trica y no contempla contrapesos, lo que propicia opacidad y corrupci\u00f3n\u201d.<\/p>\n<p class=\"nota-justify\">En respuesta, el coordinador del PT, Reginaldo Sandoval Flores, expuso: \u201c\u00bfReforma de avanzada para qui\u00e9n y para qu\u00e9? Hoy estamos transformando totalmente el esquema privatizador del sector energ\u00e9tico. Vamos a poner de pie a Pemex y a la Comisi\u00f3n Federal de Electricidad, porque tienen prioridad en la soberan\u00eda energ\u00e9tica para no depender de nadie\u201d.<\/p>\n<p class=\"nota-justify\">Tambi\u00e9n, Francisco Vel\u00e1zquez Vallejo (Morena) sostuvo que con este paquete legal se pone \u201cpunto final al saqueo y consolidamos la transici\u00f3n energ\u00e9tica, a pesar de la resistencia de quienes defienden los privilegios del neoliberalismo. Se trata de recuperar el control de los recursos de la naci\u00f3n, para garantizar que la energ\u00eda beneficie a todos, no solo a unos cuantos\u201d.<\/p>\n","protected":false},"excerpt":{"rendered":"<p>La Comisi\u00f3n de Energ\u00eda de la C\u00e1mara de Diputados aprob\u00f3 esta tarde el dictamen con el paquete de 10 leyes<\/p>\n","protected":false},"author":4,"featured_media":52118,"comment_status":"closed","ping_status":"closed","sticky":false,"template":"","format":"standard","meta":{"colormag_page_container_layout":"default_layout","colormag_page_sidebar_layout":"default_layout","_jetpack_memberships_contains_paid_content":false,"footnotes":"","jetpack_publicize_message":"","jetpack_publicize_feature_enabled":true,"jetpack_social_post_already_shared":true,"jetpack_social_options":{"image_generator_settings":{"template":"highway","default_image_id":0,"font":"","enabled":false},"version":2}},"categories":[4],"tags":[],"class_list":["post-52117","post","type-post","status-publish","format-standard","has-post-thumbnail","hentry","category-nacional"],"jetpack_publicize_connections":[],"jetpack_featured_media_url":"https:\/\/noticiasveracruz.com\/wp-content\/uploads\/2025\/03\/pemex.jpg","jetpack_sharing_enabled":true,"publishpress_future_action":{"enabled":false,"date":"2026-05-10 08:41:22","action":"change-status","newStatus":"draft","terms":[],"taxonomy":"category","extraData":[]},"publishpress_future_workflow_manual_trigger":{"enabledWorkflows":[]},"_links":{"self":[{"href":"https:\/\/noticiasveracruz.com\/index.php\/wp-json\/wp\/v2\/posts\/52117","targetHints":{"allow":["GET"]}}],"collection":[{"href":"https:\/\/noticiasveracruz.com\/index.php\/wp-json\/wp\/v2\/posts"}],"about":[{"href":"https:\/\/noticiasveracruz.com\/index.php\/wp-json\/wp\/v2\/types\/post"}],"author":[{"embeddable":true,"href":"https:\/\/noticiasveracruz.com\/index.php\/wp-json\/wp\/v2\/users\/4"}],"replies":[{"embeddable":true,"href":"https:\/\/noticiasveracruz.com\/index.php\/wp-json\/wp\/v2\/comments?post=52117"}],"version-history":[{"count":0,"href":"https:\/\/noticiasveracruz.com\/index.php\/wp-json\/wp\/v2\/posts\/52117\/revisions"}],"wp:featuredmedia":[{"embeddable":true,"href":"https:\/\/noticiasveracruz.com\/index.php\/wp-json\/wp\/v2\/media\/52118"}],"wp:attachment":[{"href":"https:\/\/noticiasveracruz.com\/index.php\/wp-json\/wp\/v2\/media?parent=52117"}],"wp:term":[{"taxonomy":"category","embeddable":true,"href":"https:\/\/noticiasveracruz.com\/index.php\/wp-json\/wp\/v2\/categories?post=52117"},{"taxonomy":"post_tag","embeddable":true,"href":"https:\/\/noticiasveracruz.com\/index.php\/wp-json\/wp\/v2\/tags?post=52117"}],"curies":[{"name":"wp","href":"https:\/\/api.w.org\/{rel}","templated":true}]}}