{"id":52114,"date":"2025-03-12T00:04:48","date_gmt":"2025-03-12T06:04:48","guid":{"rendered":"https:\/\/noticiasveracruz.com\/?p=52114"},"modified":"2025-03-11T22:39:38","modified_gmt":"2025-03-12T04:39:38","slug":"promueve-sev-habitos-saludables","status":"publish","type":"post","link":"https:\/\/noticiasveracruz.com\/index.php\/2025\/03\/12\/promueve-sev-habitos-saludables\/","title":{"rendered":"Promueve SEV h\u00e1bitos saludables"},"content":{"rendered":"<p>La Secretar\u00eda de Educaci\u00f3n (SEV) puso en marcha el programa Salud 360\u00ba, con el objetivo de sensibilizar a los j\u00f3venes sobre la importancia de una alimentaci\u00f3n saludable, la actividad f\u00edsica, la higiene y el descanso para su bienestar integral.<\/p>\n<p>La inauguraci\u00f3n se llev\u00f3 a cabo durante el Lunes C\u00edvico y cont\u00f3 con la participaci\u00f3n de alumnas y alumnos del plantel 35 del Colegio de Bachilleres del Estado de Veracruz (COBAEV) Dr. Leonardo Pasquel.<\/p>\n<p>La secretaria de Educaci\u00f3n, Claudia Tello Espinosa, acompa\u00f1ada por la directora general del COBAEV, Carla Lizeth Rosas Mora, destac\u00f3 la importancia de esta iniciativa para mejorar la calidad de vida de los estudiantes y prevenir enfermedades desde edades tempranas.<\/p>\n<p>Como parte del programa, cada lunes de marzo alumnos de distintos planteles del COBAEV participar\u00e1n en conferencias, din\u00e1micas interactivas y actividades f\u00edsicas, promoviendo as\u00ed una cultura de bienestar entre la comunidad estudiantil.<\/p>\n","protected":false},"excerpt":{"rendered":"<p>La Secretar\u00eda de Educaci\u00f3n (SEV) puso en marcha el programa Salud 360\u00ba, con el objetivo de sensibilizar a los j\u00f3venes<\/p>\n","protected":false},"author":4,"featured_media":52115,"comment_status":"closed","ping_status":"closed","sticky":false,"template":"","format":"standard","meta":{"colormag_page_container_layout":"default_layout","colormag_page_sidebar_layout":"default_layout","_jetpack_memberships_contains_paid_content":false,"footnotes":"","jetpack_publicize_message":"","jetpack_publicize_feature_enabled":true,"jetpack_social_post_already_shared":true,"jetpack_social_options":{"image_generator_settings":{"template":"highway","default_image_id":0,"font":"","enabled":false},"version":2}},"categories":[356],"tags":[],"class_list":["post-52114","post","type-post","status-publish","format-standard","has-post-thumbnail","hentry","category-veracruz"],"jetpack_publicize_connections":[],"jetpack_featured_media_url":"https:\/\/noticiasveracruz.com\/wp-content\/uploads\/2025\/03\/9a-5.jpg","jetpack_sharing_enabled":true,"publishpress_future_action":{"enabled":false,"date":"2026-05-10 09:42:41","action":"change-status","newStatus":"draft","terms":[],"taxonomy":"category","extraData":[]},"publishpress_future_workflow_manual_trigger":{"enabledWorkflows":[]},"_links":{"self":[{"href":"https:\/\/noticiasveracruz.com\/index.php\/wp-json\/wp\/v2\/posts\/52114","targetHints":{"allow":["GET"]}}],"collection":[{"href":"https:\/\/noticiasveracruz.com\/index.php\/wp-json\/wp\/v2\/posts"}],"about":[{"href":"https:\/\/noticiasveracruz.com\/index.php\/wp-json\/wp\/v2\/types\/post"}],"author":[{"embeddable":true,"href":"https:\/\/noticiasveracruz.com\/index.php\/wp-json\/wp\/v2\/users\/4"}],"replies":[{"embeddable":true,"href":"https:\/\/noticiasveracruz.com\/index.php\/wp-json\/wp\/v2\/comments?post=52114"}],"version-history":[{"count":0,"href":"https:\/\/noticiasveracruz.com\/index.php\/wp-json\/wp\/v2\/posts\/52114\/revisions"}],"wp:featuredmedia":[{"embeddable":true,"href":"https:\/\/noticiasveracruz.com\/index.php\/wp-json\/wp\/v2\/media\/52115"}],"wp:attachment":[{"href":"https:\/\/noticiasveracruz.com\/index.php\/wp-json\/wp\/v2\/media?parent=52114"}],"wp:term":[{"taxonomy":"category","embeddable":true,"href":"https:\/\/noticiasveracruz.com\/index.php\/wp-json\/wp\/v2\/categories?post=52114"},{"taxonomy":"post_tag","embeddable":true,"href":"https:\/\/noticiasveracruz.com\/index.php\/wp-json\/wp\/v2\/tags?post=52114"}],"curies":[{"name":"wp","href":"https:\/\/api.w.org\/{rel}","templated":true}]}}