{"id":52105,"date":"2025-03-12T00:01:31","date_gmt":"2025-03-12T06:01:31","guid":{"rendered":"https:\/\/noticiasveracruz.com\/?p=52105"},"modified":"2025-03-11T22:35:21","modified_gmt":"2025-03-12T04:35:21","slug":"organizan-foro-para-reformar-usicamm","status":"publish","type":"post","link":"https:\/\/noticiasveracruz.com\/index.php\/2025\/03\/12\/organizan-foro-para-reformar-usicamm\/","title":{"rendered":"Organizan foro para reformar USICAMM"},"content":{"rendered":"<p>La Secretar\u00eda de Educaci\u00f3n de Veracruz (SEV) organiz\u00f3 el Foro Estatal para la Construcci\u00f3n del Nuevo Sistema para Maestras y Maestros, con el prop\u00f3sito de generar propuestas para fortalecer y reformar la Unidad del Sistema para la Carrera de las Maestras y los Maestros (USICAMM).<\/p>\n<p>En cumplimiento del compromiso de la presidenta Claudia Sheinbaum Pardo, este Foro reuni\u00f3 a docentes en el Museo Kan\u00e1, donde participaron en cinco mesas tem\u00e1ticas sobre transparencia, asignaci\u00f3n de plazas, evaluaci\u00f3n, movilidad y representaci\u00f3n sindical.<\/p>\n<p>La titular de la SEV, Claudia Tello Espinosa, destac\u00f3 la importancia del di\u00e1logo para construir un sistema m\u00e1s equitativo y eficiente, asegurando que las propuestas derivadas del Foro contribuir\u00e1n a garantizar procesos claros y justos para el magisterio.<\/p>\n<p>En representaci\u00f3n de la Secretar\u00eda de Educaci\u00f3n P\u00fablica, la directora general de Reconocimiento de USICAMM, Flor Tania Cruz Santos, subray\u00f3 la necesidad de eliminar pr\u00e1cticas que afecten la transparencia en la asignaci\u00f3n de plazas.<\/p>\n","protected":false},"excerpt":{"rendered":"<p>La Secretar\u00eda de Educaci\u00f3n de Veracruz (SEV) organiz\u00f3 el Foro Estatal para la Construcci\u00f3n del Nuevo Sistema para Maestras y<\/p>\n","protected":false},"author":4,"featured_media":52106,"comment_status":"closed","ping_status":"closed","sticky":false,"template":"","format":"standard","meta":{"colormag_page_container_layout":"default_layout","colormag_page_sidebar_layout":"default_layout","_jetpack_memberships_contains_paid_content":false,"footnotes":"","jetpack_publicize_message":"","jetpack_publicize_feature_enabled":true,"jetpack_social_post_already_shared":true,"jetpack_social_options":{"image_generator_settings":{"template":"highway","default_image_id":0,"font":"","enabled":false},"version":2}},"categories":[356],"tags":[],"class_list":["post-52105","post","type-post","status-publish","format-standard","has-post-thumbnail","hentry","category-veracruz"],"jetpack_publicize_connections":[],"jetpack_featured_media_url":"https:\/\/noticiasveracruz.com\/wp-content\/uploads\/2025\/03\/9c-3.jpg","jetpack_sharing_enabled":true,"publishpress_future_action":{"enabled":false,"date":"2026-05-08 05:13:45","action":"change-status","newStatus":"draft","terms":[],"taxonomy":"category","extraData":[]},"publishpress_future_workflow_manual_trigger":{"enabledWorkflows":[]},"_links":{"self":[{"href":"https:\/\/noticiasveracruz.com\/index.php\/wp-json\/wp\/v2\/posts\/52105","targetHints":{"allow":["GET"]}}],"collection":[{"href":"https:\/\/noticiasveracruz.com\/index.php\/wp-json\/wp\/v2\/posts"}],"about":[{"href":"https:\/\/noticiasveracruz.com\/index.php\/wp-json\/wp\/v2\/types\/post"}],"author":[{"embeddable":true,"href":"https:\/\/noticiasveracruz.com\/index.php\/wp-json\/wp\/v2\/users\/4"}],"replies":[{"embeddable":true,"href":"https:\/\/noticiasveracruz.com\/index.php\/wp-json\/wp\/v2\/comments?post=52105"}],"version-history":[{"count":0,"href":"https:\/\/noticiasveracruz.com\/index.php\/wp-json\/wp\/v2\/posts\/52105\/revisions"}],"wp:featuredmedia":[{"embeddable":true,"href":"https:\/\/noticiasveracruz.com\/index.php\/wp-json\/wp\/v2\/media\/52106"}],"wp:attachment":[{"href":"https:\/\/noticiasveracruz.com\/index.php\/wp-json\/wp\/v2\/media?parent=52105"}],"wp:term":[{"taxonomy":"category","embeddable":true,"href":"https:\/\/noticiasveracruz.com\/index.php\/wp-json\/wp\/v2\/categories?post=52105"},{"taxonomy":"post_tag","embeddable":true,"href":"https:\/\/noticiasveracruz.com\/index.php\/wp-json\/wp\/v2\/tags?post=52105"}],"curies":[{"name":"wp","href":"https:\/\/api.w.org\/{rel}","templated":true}]}}