{"id":52086,"date":"2025-03-11T22:09:48","date_gmt":"2025-03-12T04:09:48","guid":{"rendered":"https:\/\/noticiasveracruz.com\/?p=52086"},"modified":"2025-03-11T22:09:48","modified_gmt":"2025-03-12T04:09:48","slug":"el-alcalde-dr-jesus-fomperoza-entrego-apoyos-en-canada-rica-y-superviso-avances-en-obras-que-se-realizan-en-tierra-blanca-y-tumilco","status":"publish","type":"post","link":"https:\/\/noticiasveracruz.com\/index.php\/2025\/03\/11\/el-alcalde-dr-jesus-fomperoza-entrego-apoyos-en-canada-rica-y-superviso-avances-en-obras-que-se-realizan-en-tierra-blanca-y-tumilco\/","title":{"rendered":"El alcalde Dr. Jes\u00fas Fomperoza entreg\u00f3 apoyos en Ca\u00f1ada Rica y supervis\u00f3 avances en obras que se realizan en Tierra Blanca y Tumilco"},"content":{"rendered":"<p>Tuxpan, Ver., 11 de marzo de 2025.- El presidente municipal Dr. Jes\u00fas Fomperoza Torres realiz\u00f3 una gira de trabajo por las comunidades Ca\u00f1ada Rica, Tierra Blanca y Tumilco, donde entreg\u00f3 apoyos y supervis\u00f3 el avance de varias obras que se est\u00e1n realizando.<\/p>\n<p><img loading=\"lazy\" decoding=\"async\" class=\"alignnone size-medium wp-image-52096\" src=\"http:\/\/noticiasveracruz.com\/wp-content\/uploads\/2025\/03\/WhatsApp-Image-2025-03-11-at-17.41.40-1-300x169.jpeg\" alt=\"\" width=\"300\" height=\"169\" srcset=\"https:\/\/noticiasveracruz.com\/wp-content\/uploads\/2025\/03\/WhatsApp-Image-2025-03-11-at-17.41.40-1-300x169.jpeg 300w, https:\/\/noticiasveracruz.com\/wp-content\/uploads\/2025\/03\/WhatsApp-Image-2025-03-11-at-17.41.40-1-1024x576.jpeg 1024w, https:\/\/noticiasveracruz.com\/wp-content\/uploads\/2025\/03\/WhatsApp-Image-2025-03-11-at-17.41.40-1-768x432.jpeg 768w, https:\/\/noticiasveracruz.com\/wp-content\/uploads\/2025\/03\/WhatsApp-Image-2025-03-11-at-17.41.40-1-1536x864.jpeg 1536w, https:\/\/noticiasveracruz.com\/wp-content\/uploads\/2025\/03\/WhatsApp-Image-2025-03-11-at-17.41.40-1.jpeg 1600w\" sizes=\"auto, (max-width: 300px) 100vw, 300px\" \/><\/p>\n<p>En Ca\u00f1ada Rica fue recibido por la agente municipal Fidela G\u00f3mez Santiago, a quien le hizo entrega de grava y cemento para mejorar la rodada de un camino, en beneficio de familias del lugar.<\/p>\n<p><img loading=\"lazy\" decoding=\"async\" class=\"alignnone size-medium wp-image-52095\" src=\"http:\/\/noticiasveracruz.com\/wp-content\/uploads\/2025\/03\/WhatsApp-Image-2025-03-11-at-17.41.39-300x169.jpeg\" alt=\"\" width=\"300\" height=\"169\" srcset=\"https:\/\/noticiasveracruz.com\/wp-content\/uploads\/2025\/03\/WhatsApp-Image-2025-03-11-at-17.41.39-300x169.jpeg 300w, https:\/\/noticiasveracruz.com\/wp-content\/uploads\/2025\/03\/WhatsApp-Image-2025-03-11-at-17.41.39-1024x576.jpeg 1024w, https:\/\/noticiasveracruz.com\/wp-content\/uploads\/2025\/03\/WhatsApp-Image-2025-03-11-at-17.41.39-768x432.jpeg 768w, https:\/\/noticiasveracruz.com\/wp-content\/uploads\/2025\/03\/WhatsApp-Image-2025-03-11-at-17.41.39-1536x864.jpeg 1536w, https:\/\/noticiasveracruz.com\/wp-content\/uploads\/2025\/03\/WhatsApp-Image-2025-03-11-at-17.41.39.jpeg 1600w\" sizes=\"auto, (max-width: 300px) 100vw, 300px\" \/><\/p>\n<p>El alcalde y la agente municipal recorrieron diversos puntos de la comunidad y acordaron continuar trabajando de manera coordinada para ir atendiendo las necesidades de Ca\u00f1ada Rica.<\/p>\n<p><img loading=\"lazy\" decoding=\"async\" class=\"alignnone size-medium wp-image-52094\" src=\"http:\/\/noticiasveracruz.com\/wp-content\/uploads\/2025\/03\/WhatsApp-Image-2025-03-11-at-17.41.39-1-300x169.jpeg\" alt=\"\" width=\"300\" height=\"169\" srcset=\"https:\/\/noticiasveracruz.com\/wp-content\/uploads\/2025\/03\/WhatsApp-Image-2025-03-11-at-17.41.39-1-300x169.jpeg 300w, https:\/\/noticiasveracruz.com\/wp-content\/uploads\/2025\/03\/WhatsApp-Image-2025-03-11-at-17.41.39-1-1024x576.jpeg 1024w, https:\/\/noticiasveracruz.com\/wp-content\/uploads\/2025\/03\/WhatsApp-Image-2025-03-11-at-17.41.39-1-768x432.jpeg 768w, https:\/\/noticiasveracruz.com\/wp-content\/uploads\/2025\/03\/WhatsApp-Image-2025-03-11-at-17.41.39-1-1536x864.jpeg 1536w, https:\/\/noticiasveracruz.com\/wp-content\/uploads\/2025\/03\/WhatsApp-Image-2025-03-11-at-17.41.39-1.jpeg 1600w\" sizes=\"auto, (max-width: 300px) 100vw, 300px\" \/><\/p>\n<p>Posteriormente, el alcalde Jes\u00fas Fomperoza visit\u00f3 Tierra Blanca, y en compa\u00f1\u00eda de la agente municipal Felisa Cruz Rom\u00e1n supervisaron el avance del Multideportivo.<\/p>\n<p><img loading=\"lazy\" decoding=\"async\" class=\"alignnone size-medium wp-image-52093\" src=\"http:\/\/noticiasveracruz.com\/wp-content\/uploads\/2025\/03\/WhatsApp-Image-2025-03-11-at-17.41.38-300x210.jpeg\" alt=\"\" width=\"300\" height=\"210\" srcset=\"https:\/\/noticiasveracruz.com\/wp-content\/uploads\/2025\/03\/WhatsApp-Image-2025-03-11-at-17.41.38-300x210.jpeg 300w, https:\/\/noticiasveracruz.com\/wp-content\/uploads\/2025\/03\/WhatsApp-Image-2025-03-11-at-17.41.38-1024x717.jpeg 1024w, https:\/\/noticiasveracruz.com\/wp-content\/uploads\/2025\/03\/WhatsApp-Image-2025-03-11-at-17.41.38-768x538.jpeg 768w, https:\/\/noticiasveracruz.com\/wp-content\/uploads\/2025\/03\/WhatsApp-Image-2025-03-11-at-17.41.38-1536x1076.jpeg 1536w, https:\/\/noticiasveracruz.com\/wp-content\/uploads\/2025\/03\/WhatsApp-Image-2025-03-11-at-17.41.38-130x90.jpeg 130w, https:\/\/noticiasveracruz.com\/wp-content\/uploads\/2025\/03\/WhatsApp-Image-2025-03-11-at-17.41.38.jpeg 1600w\" sizes=\"auto, (max-width: 300px) 100vw, 300px\" \/><\/p>\n<p>Cabe recordar que en esta localidad se concluy\u00f3 el arreglo de un socav\u00f3n en el camino al cementerio y se coloc\u00f3 un dren tubular.<\/p>\n<p><img loading=\"lazy\" decoding=\"async\" class=\"alignnone size-medium wp-image-52091\" src=\"http:\/\/noticiasveracruz.com\/wp-content\/uploads\/2025\/03\/WhatsApp-Image-2025-03-11-at-17.41.37-300x204.jpeg\" alt=\"\" width=\"300\" height=\"204\" srcset=\"https:\/\/noticiasveracruz.com\/wp-content\/uploads\/2025\/03\/WhatsApp-Image-2025-03-11-at-17.41.37-300x204.jpeg 300w, https:\/\/noticiasveracruz.com\/wp-content\/uploads\/2025\/03\/WhatsApp-Image-2025-03-11-at-17.41.37-1024x696.jpeg 1024w, https:\/\/noticiasveracruz.com\/wp-content\/uploads\/2025\/03\/WhatsApp-Image-2025-03-11-at-17.41.37-768x522.jpeg 768w, https:\/\/noticiasveracruz.com\/wp-content\/uploads\/2025\/03\/WhatsApp-Image-2025-03-11-at-17.41.37-1536x1044.jpeg 1536w, https:\/\/noticiasveracruz.com\/wp-content\/uploads\/2025\/03\/WhatsApp-Image-2025-03-11-at-17.41.37.jpeg 1600w\" sizes=\"auto, (max-width: 300px) 100vw, 300px\" \/><\/p>\n<p>Despu\u00e9s de un recorrido, en el que estuvieron presentes directores del Ayuntamiento, el presidente municipal se dirigi\u00f3 a Tumilco donde supervis\u00f3 el avance del arreglo de la carretera, adem\u00e1s de otros proyectos de cultura y arte que est\u00e1n en marcha.<\/p>\n<p><img loading=\"lazy\" decoding=\"async\" class=\"alignnone size-medium wp-image-52090\" src=\"http:\/\/noticiasveracruz.com\/wp-content\/uploads\/2025\/03\/WhatsApp-Image-2025-03-11-at-17.41.37-2-300x226.jpeg\" alt=\"\" width=\"300\" height=\"226\" srcset=\"https:\/\/noticiasveracruz.com\/wp-content\/uploads\/2025\/03\/WhatsApp-Image-2025-03-11-at-17.41.37-2-300x226.jpeg 300w, https:\/\/noticiasveracruz.com\/wp-content\/uploads\/2025\/03\/WhatsApp-Image-2025-03-11-at-17.41.37-2-1024x771.jpeg 1024w, https:\/\/noticiasveracruz.com\/wp-content\/uploads\/2025\/03\/WhatsApp-Image-2025-03-11-at-17.41.37-2-768x578.jpeg 768w, https:\/\/noticiasveracruz.com\/wp-content\/uploads\/2025\/03\/WhatsApp-Image-2025-03-11-at-17.41.37-2-1536x1156.jpeg 1536w, https:\/\/noticiasveracruz.com\/wp-content\/uploads\/2025\/03\/WhatsApp-Image-2025-03-11-at-17.41.37-2.jpeg 1600w\" sizes=\"auto, (max-width: 300px) 100vw, 300px\" \/><\/p>\n<p>Acompa\u00f1ado de autoridades locales y pobladores, el Dr. Jes\u00fas Fomperoza camin\u00f3 por senderos tur\u00edsticos y anunci\u00f3 que tambi\u00e9n ser\u00e1n mejorados.<\/p>\n<p><img loading=\"lazy\" decoding=\"async\" class=\"alignnone size-medium wp-image-52089\" src=\"http:\/\/noticiasveracruz.com\/wp-content\/uploads\/2025\/03\/WhatsApp-Image-2025-03-11-at-17.41.37-1-300x221.jpeg\" alt=\"\" width=\"300\" height=\"221\" srcset=\"https:\/\/noticiasveracruz.com\/wp-content\/uploads\/2025\/03\/WhatsApp-Image-2025-03-11-at-17.41.37-1-300x221.jpeg 300w, https:\/\/noticiasveracruz.com\/wp-content\/uploads\/2025\/03\/WhatsApp-Image-2025-03-11-at-17.41.37-1-1024x754.jpeg 1024w, https:\/\/noticiasveracruz.com\/wp-content\/uploads\/2025\/03\/WhatsApp-Image-2025-03-11-at-17.41.37-1-768x565.jpeg 768w, https:\/\/noticiasveracruz.com\/wp-content\/uploads\/2025\/03\/WhatsApp-Image-2025-03-11-at-17.41.37-1-1536x1131.jpeg 1536w, https:\/\/noticiasveracruz.com\/wp-content\/uploads\/2025\/03\/WhatsApp-Image-2025-03-11-at-17.41.37-1.jpeg 1600w\" sizes=\"auto, (max-width: 300px) 100vw, 300px\" \/><\/p>\n<p>El alcalde reconoci\u00f3 que Tumilco tiene un gran potencial tur\u00edstico y es un lugar con mucha historia y tradiciones ancestrales.<\/p>\n<p><img loading=\"lazy\" decoding=\"async\" class=\"alignnone size-medium wp-image-52088\" src=\"http:\/\/noticiasveracruz.com\/wp-content\/uploads\/2025\/03\/WhatsApp-Image-2025-03-11-at-17.41.36-300x208.jpeg\" alt=\"\" width=\"300\" height=\"208\" srcset=\"https:\/\/noticiasveracruz.com\/wp-content\/uploads\/2025\/03\/WhatsApp-Image-2025-03-11-at-17.41.36-300x208.jpeg 300w, https:\/\/noticiasveracruz.com\/wp-content\/uploads\/2025\/03\/WhatsApp-Image-2025-03-11-at-17.41.36-1024x709.jpeg 1024w, https:\/\/noticiasveracruz.com\/wp-content\/uploads\/2025\/03\/WhatsApp-Image-2025-03-11-at-17.41.36-768x532.jpeg 768w, https:\/\/noticiasveracruz.com\/wp-content\/uploads\/2025\/03\/WhatsApp-Image-2025-03-11-at-17.41.36-1536x1064.jpeg 1536w, https:\/\/noticiasveracruz.com\/wp-content\/uploads\/2025\/03\/WhatsApp-Image-2025-03-11-at-17.41.36-392x272.jpeg 392w, https:\/\/noticiasveracruz.com\/wp-content\/uploads\/2025\/03\/WhatsApp-Image-2025-03-11-at-17.41.36-130x90.jpeg 130w, https:\/\/noticiasveracruz.com\/wp-content\/uploads\/2025\/03\/WhatsApp-Image-2025-03-11-at-17.41.36.jpeg 1600w\" sizes=\"auto, (max-width: 300px) 100vw, 300px\" \/><\/p>\n","protected":false},"excerpt":{"rendered":"<p>Tuxpan, Ver., 11 de marzo de 2025.- El presidente municipal Dr. Jes\u00fas Fomperoza Torres realiz\u00f3 una gira de trabajo por<\/p>\n","protected":false},"author":4,"featured_media":52092,"comment_status":"closed","ping_status":"closed","sticky":false,"template":"","format":"standard","meta":{"colormag_page_container_layout":"default_layout","colormag_page_sidebar_layout":"default_layout","_jetpack_memberships_contains_paid_content":false,"footnotes":"","jetpack_publicize_message":"","jetpack_publicize_feature_enabled":true,"jetpack_social_post_already_shared":true,"jetpack_social_options":{"image_generator_settings":{"template":"highway","default_image_id":0,"font":"","enabled":false},"version":2}},"categories":[3372,356],"tags":[],"class_list":["post-52086","post","type-post","status-publish","format-standard","has-post-thumbnail","hentry","category-gobierno-tuxpan","category-veracruz"],"jetpack_publicize_connections":[],"jetpack_featured_media_url":"https:\/\/noticiasveracruz.com\/wp-content\/uploads\/2025\/03\/WhatsApp-Image-2025-03-11-at-17.41.38-1.jpeg","jetpack_sharing_enabled":true,"publishpress_future_action":{"enabled":false,"date":"2026-05-08 03:27:22","action":"change-status","newStatus":"draft","terms":[],"taxonomy":"category","extraData":[]},"publishpress_future_workflow_manual_trigger":{"enabledWorkflows":[]},"_links":{"self":[{"href":"https:\/\/noticiasveracruz.com\/index.php\/wp-json\/wp\/v2\/posts\/52086","targetHints":{"allow":["GET"]}}],"collection":[{"href":"https:\/\/noticiasveracruz.com\/index.php\/wp-json\/wp\/v2\/posts"}],"about":[{"href":"https:\/\/noticiasveracruz.com\/index.php\/wp-json\/wp\/v2\/types\/post"}],"author":[{"embeddable":true,"href":"https:\/\/noticiasveracruz.com\/index.php\/wp-json\/wp\/v2\/users\/4"}],"replies":[{"embeddable":true,"href":"https:\/\/noticiasveracruz.com\/index.php\/wp-json\/wp\/v2\/comments?post=52086"}],"version-history":[{"count":0,"href":"https:\/\/noticiasveracruz.com\/index.php\/wp-json\/wp\/v2\/posts\/52086\/revisions"}],"wp:featuredmedia":[{"embeddable":true,"href":"https:\/\/noticiasveracruz.com\/index.php\/wp-json\/wp\/v2\/media\/52092"}],"wp:attachment":[{"href":"https:\/\/noticiasveracruz.com\/index.php\/wp-json\/wp\/v2\/media?parent=52086"}],"wp:term":[{"taxonomy":"category","embeddable":true,"href":"https:\/\/noticiasveracruz.com\/index.php\/wp-json\/wp\/v2\/categories?post=52086"},{"taxonomy":"post_tag","embeddable":true,"href":"https:\/\/noticiasveracruz.com\/index.php\/wp-json\/wp\/v2\/tags?post=52086"}],"curies":[{"name":"wp","href":"https:\/\/api.w.org\/{rel}","templated":true}]}}