{"id":52084,"date":"2025-03-11T21:55:54","date_gmt":"2025-03-12T03:55:54","guid":{"rendered":"https:\/\/noticiasveracruz.com\/?p=52084"},"modified":"2025-03-11T21:55:54","modified_gmt":"2025-03-12T03:55:54","slug":"la-presidenta-que-no-manda","status":"publish","type":"post","link":"https:\/\/noticiasveracruz.com\/index.php\/2025\/03\/11\/la-presidenta-que-no-manda\/","title":{"rendered":"La presidentA que no mandA"},"content":{"rendered":"<p>Aunque la propia Claudia Sheinbaum intent\u00f3 minimizar el hecho, el desaire de este domingo momentos antes de que pasara a dar su discurso ante la concentraci\u00f3n masiva acarreada al Z\u00f3calo de la Ciudad de M\u00e9xico, es fiel reflejo de la verdadera correlaci\u00f3n de fuerzas pol\u00edticas al interior del morenato.<\/p>\n<p>Mientras la presidenta saludaba a los invitados \u201cVIP\u201d \u2013porque en la \u201ccuarta transformaci\u00f3n\u201d tambi\u00e9n hay niveles- de la primera fila frente al templete principal \u2013reservado \u00e9ste para gobernadores e integrantes del gabinete-, los coordinadores parlamentarios de la \u201c4t\u201d estaban m\u00e1s pendientes de \u201cchacotear\u201d con quien representa el verdadero factor de poder: Andr\u00e9s L\u00f3pez Beltr\u00e1n, el hijo del expresidente Andr\u00e9s Manuel L\u00f3pez Obrador que busca \u201cheredar\u201d la jefatura del movimiento y, en alg\u00fan momento, la misma Presidencia de la Rep\u00fablica, como ya resulta m\u00e1s que claro.<\/p>\n<p>Los coordinadores de las bancadas de Morena en las c\u00e1maras de Diputados y Senadores, Ricardo Monreal y Ad\u00e1n Augusto L\u00f3pez Hern\u00e1ndez, as\u00ed como el l\u00edder de los senadores del Partido Verde, Manuel Velasco Coello, literalmente ignoraron que se acercaba la presidenta Claudia Sheinbaum y le dieron la espalda, pues su atenci\u00f3n estaba centrada en sacarse una foto con el dirigente de Morena en funciones de secretario de Organizaci\u00f3n, el inefable \u201cAndy\u201d L\u00f3pez Beltr\u00e1n.<\/p>\n<p>Al darse cuenta de la omisi\u00f3n y de que la presidenta estaba pasando de largo, intentaron acerc\u00e1rsele y le pidieron una foto. Pero Sheinbaum ya no se detuvo, los ignor\u00f3 y sigui\u00f3 caminando hacia el templete. Todo, captado en la transmisi\u00f3n oficial de una concentraci\u00f3n masiva sin justificaci\u00f3n alguna, pues el motivo original, llamar a la \u201cunidad del pueblo\u201d frente a la imposici\u00f3n de aranceles con la que Donald Trump amenaza mensualmente a M\u00e9xico, hab\u00eda desaparecido al aplazarse la medida hasta principios de abril. Por cierto, \u00bfconvocar\u00e1n a m\u00e1s m\u00edtines cada que el \u201cbully\u201d norteamericano vuelva a presionar con los grav\u00e1menes?<\/p>\n<p>Conscientes del monumental \u201coso\u201d, evidenciado en transmisi\u00f3n nacional en vivo, los legisladores se desvivieron en disculpas hacia Sheinbaum a trav\u00e9s de las redes sociales, dejando con ello constancia de que la presidenta no les tomaba las llamadas, oblig\u00e1ndolos as\u00ed a \u201cdoblarse\u201d p\u00fablicamente. Apenas, una ping\u00fce revancha de una presidenta que ha sido ninguneada por esos mismos personeros en el Congreso de la Uni\u00f3n.<\/p>\n<p>Basten dos botones de muestra de lo anterior: en la designaci\u00f3n de la presidencia de la Comisi\u00f3n Nacional de Derechos Humanos, Claudia Sheinbaum ten\u00eda una candidata, Nashieli Ram\u00edrez; pero al final se impuso, literalmente, la reelecci\u00f3n de Rosario Piedra Ibarra, operada por Ad\u00e1n Augusto L\u00f3pez Hern\u00e1ndez, quien por supuesto recibi\u00f3 \u201cl\u00ednea\u201d para contravenir a la presidenta de M\u00e9xico que, a su vez, se aguant\u00f3 la humillaci\u00f3n. Algo inaudito en la historia del ultrapresidencialista sistema pol\u00edtico mexicano.<\/p>\n<p>No ha sido \u00e9se el cap\u00edtulo m\u00e1s ominoso para la primera mujer en encabezar el Poder Ejecutivo en M\u00e9xico en lo que lleva en la \u201csilla\u201d. Claudia Sheinbaum impuls\u00f3 una reforma constitucional para evitar la reelecci\u00f3n directa en cualquier cargo de elecci\u00f3n popular, as\u00ed como la \u201cherencia\u201d de alcald\u00edas y gubernaturas entre familiares, lo que implicaba que en las elecciones municipales en proceso en Veracruz y Durango no se pudieran postular hijos, c\u00f3nyuges, primos, cu\u00f1ados ni familiar alguno de los gobernantes en funciones.<\/p>\n<p>Eso provoc\u00f3 una rebeli\u00f3n en el seno de los partidos \u201ctetratransformados\u201d \u2013incluido Morena- que oblig\u00f3 a Sheinbaum a ceder un poco y aceptar que las reformas entraran en vigor hasta las elecciones intermedias de 2027. Sin embargo, y a diferencia de c\u00f3mo ocurri\u00f3 en el anterior sexenio, que a las iniciativas de L\u00f3pez Obrador no se les mov\u00eda ni una coma, las de Sheinbaum las aprobaron con una \u201cpeque\u00f1a\u201d adecuaci\u00f3n: entrar\u00e1n en vigor hasta 2030, cuando acabe el sexenio. Si es que llegan a hacerlo, en realidad.<\/p>\n<p>Contra eso, que la ignoraran en el Z\u00f3calo es lo de menos. Pero es fiel reflejo de la realidad.<\/p>\n<p><strong>Mordaza<\/strong><\/p>\n<p><strong>\u00a0<\/strong>Mi solidaridad con mis compa\u00f1eros periodistas Ruby Soriano en Puebla y Alberto Morales en Xalapa, a quienes pretenden acallar en sus cr\u00edticas al poder a trav\u00e9s de la aplicaci\u00f3n torcida y facciosa de la figura de la violencia pol\u00edtica de g\u00e9nero.<\/p>\n<p>La embestida censora del r\u00e9gimen est\u00e1 con todo.<\/p>\n<p><img loading=\"lazy\" decoding=\"async\" class=\"alignnone wp-image-51978 size-full\" src=\"http:\/\/noticiasveracruz.com\/wp-content\/uploads\/2025\/03\/FIRMA-EDITORIAL-PD-2.jpg\" alt=\"\" width=\"1024\" height=\"125\" srcset=\"https:\/\/noticiasveracruz.com\/wp-content\/uploads\/2025\/03\/FIRMA-EDITORIAL-PD-2.jpg 1024w, https:\/\/noticiasveracruz.com\/wp-content\/uploads\/2025\/03\/FIRMA-EDITORIAL-PD-2-300x37.jpg 300w, https:\/\/noticiasveracruz.com\/wp-content\/uploads\/2025\/03\/FIRMA-EDITORIAL-PD-2-768x94.jpg 768w\" sizes=\"auto, (max-width: 1024px) 100vw, 1024px\" \/><\/p>\n","protected":false},"excerpt":{"rendered":"<p>Aunque la propia Claudia Sheinbaum intent\u00f3 minimizar el hecho, el desaire de este domingo momentos antes de que pasara a<\/p>\n","protected":false},"author":4,"featured_media":39719,"comment_status":"closed","ping_status":"closed","sticky":false,"template":"","format":"standard","meta":{"colormag_page_container_layout":"default_layout","colormag_page_sidebar_layout":"default_layout","_jetpack_memberships_contains_paid_content":false,"footnotes":"","jetpack_publicize_message":"","jetpack_publicize_feature_enabled":true,"jetpack_social_post_already_shared":true,"jetpack_social_options":{"image_generator_settings":{"template":"highway","default_image_id":0,"font":"","enabled":false},"version":2}},"categories":[6],"tags":[],"class_list":["post-52084","post","type-post","status-publish","format-standard","has-post-thumbnail","hentry","category-columnistas"],"jetpack_publicize_connections":[],"jetpack_featured_media_url":"https:\/\/noticiasveracruz.com\/wp-content\/uploads\/2024\/09\/NV-RUBICA-2.jpg","jetpack_sharing_enabled":true,"publishpress_future_action":{"enabled":false,"date":"2026-05-08 05:17:56","action":"change-status","newStatus":"draft","terms":[],"taxonomy":"category","extraData":[]},"publishpress_future_workflow_manual_trigger":{"enabledWorkflows":[]},"_links":{"self":[{"href":"https:\/\/noticiasveracruz.com\/index.php\/wp-json\/wp\/v2\/posts\/52084","targetHints":{"allow":["GET"]}}],"collection":[{"href":"https:\/\/noticiasveracruz.com\/index.php\/wp-json\/wp\/v2\/posts"}],"about":[{"href":"https:\/\/noticiasveracruz.com\/index.php\/wp-json\/wp\/v2\/types\/post"}],"author":[{"embeddable":true,"href":"https:\/\/noticiasveracruz.com\/index.php\/wp-json\/wp\/v2\/users\/4"}],"replies":[{"embeddable":true,"href":"https:\/\/noticiasveracruz.com\/index.php\/wp-json\/wp\/v2\/comments?post=52084"}],"version-history":[{"count":0,"href":"https:\/\/noticiasveracruz.com\/index.php\/wp-json\/wp\/v2\/posts\/52084\/revisions"}],"wp:featuredmedia":[{"embeddable":true,"href":"https:\/\/noticiasveracruz.com\/index.php\/wp-json\/wp\/v2\/media\/39719"}],"wp:attachment":[{"href":"https:\/\/noticiasveracruz.com\/index.php\/wp-json\/wp\/v2\/media?parent=52084"}],"wp:term":[{"taxonomy":"category","embeddable":true,"href":"https:\/\/noticiasveracruz.com\/index.php\/wp-json\/wp\/v2\/categories?post=52084"},{"taxonomy":"post_tag","embeddable":true,"href":"https:\/\/noticiasveracruz.com\/index.php\/wp-json\/wp\/v2\/tags?post=52084"}],"curies":[{"name":"wp","href":"https:\/\/api.w.org\/{rel}","templated":true}]}}