{"id":52082,"date":"2025-03-11T21:53:38","date_gmt":"2025-03-12T03:53:38","guid":{"rendered":"https:\/\/noticiasveracruz.com\/?p=52082"},"modified":"2025-03-11T21:53:38","modified_gmt":"2025-03-12T03:53:38","slug":"ley-del-issste-bomba-de-tiempo","status":"publish","type":"post","link":"https:\/\/noticiasveracruz.com\/index.php\/2025\/03\/11\/ley-del-issste-bomba-de-tiempo\/","title":{"rendered":"Ley del ISSSTE: \u00bfBomba de tiempo?"},"content":{"rendered":"<p><em>\u201cPrudencia es saber distinguir las cosas deseables de las que conviene evitar.\u201d \u2013 Marco Tulio Cicer\u00f3n.<\/em><\/p>\n<p><strong>El anuncio que debi\u00f3 salir a dar el presidente de la Junta de Coordinaci\u00f3n Pol\u00edtica del C\u00e1mara de Diputados Federal, Ricardo Monreal \u00c1vila <a href=\"https:\/\/ventanaver.mx\/principal\/las-reformas-a-la-ley-del-issste-estan-congeladas-no-habra-dictamen-que-perjudique-a-las-y-los-maestros-diputado-ricardo-monreal\/\">https:\/\/ventanaver.mx\/principal\/las-reformas-a-la-ley-del-issste-estan-congeladas-no-habra-dictamen-que-perjudique-a-las-y-los-maestros-diputado-ricardo-monreal\/<\/a> confirma que el tema es un asunto que deber\u00e1 operarse con pinzas, y m\u00e1s porque ser\u00eda por mucho una indispensable moneda de cambio despu\u00e9s del infortunado o intencional desaire en plena Asamblea Informativa de la presidenta Claudia Sheinbaum Pardo le ejecutaron \u00e9l y su burda banda de compinches \u2013el senador Ad\u00e1n Augusto L\u00f3pez Hern\u00e1ndez, el tambi\u00e9n l\u00edder senatorial del PVEM, Manuel Velasco Coello, Luisa Mar\u00eda Alcalde y Andr\u00e9s Manuel L\u00f3pez Beltr\u00e1n-, en un acto en donde la anfitriona recibi\u00f3 la espalda de sus invitados por estar muy atentos a tomarse una selfie.<\/strong><\/p>\n<p><strong>Tanto as\u00ed que en los corrillos pol\u00edticos y en los pasillos del Palacio Nacional se afirma que la presidenta ha solicitado ya analizar a qu\u00e9 embajada enviar\u00e1n al senador Ad\u00e1n Augusto L\u00f3pez Hern\u00e1ndez, a quien achacan la responsabilidad del desaguisado.<\/strong><\/p>\n<p><strong>Pero volviendo al tema central, l<\/strong><strong>a reciente propuesta de reforma a la Ley del Instituto de Seguridad y Servicios Sociales de los Trabajadores del Estado (ISSSTE) ha generado una ola de reacciones en el sector educativo mexicano, especialmente entre los docentes, lo que algunos expertos califican como una verdadera bomba de tiempo.<\/strong><\/p>\n<p><strong>Mientras el gobierno federal argumenta que la reforma busca fortalecer las finanzas del ISSSTE y mejorar los servicios ofrecidos, los maestros expresan preocupaciones sobre posibles afectaciones a sus derechos laborales y prestaciones. <\/strong><\/p>\n<p><strong>Pero usted amable lector debe conocer a fondo los pros y los contras de la tan referida reforma, a continuaci\u00f3n, le presentar\u00e9 un an\u00e1lisis de los principales aspectos de esta reforma y su impacto en el magisterio.<\/strong><\/p>\n<p><strong>\u00bfCu\u00e1les son los puntos centrales de la reforma?<\/strong><\/p>\n<p><strong>La iniciativa propone, entre otras cosas, destinar un 2.7% de la compensaci\u00f3n econ\u00f3mica que reciben los servidores p\u00fablicos de confianza de los Poderes Ejecutivo, Legislativo y Judicial hacia los servicios de salud e instalaciones a cargo del ISSSTE. Adem\u00e1s, busca devolver al Fondo de la Vivienda del ISSSTE (FOVISSSTE) el control sobre la adquisici\u00f3n, construcci\u00f3n y renta de viviendas, con el objetivo de construir un mill\u00f3n de viviendas sociales. <\/strong><\/p>\n<p><strong>\u00bfCu\u00e1les son las preocupaciones del magisterio?<\/strong><\/p>\n<p><strong>Los docentes, representados por la Coordinadora Nacional de Trabajadores de la Educaci\u00f3n (CNTE) y el Sindicato Nacional de Trabajadores de la Educaci\u00f3n (SNTE), han manifestado su oposici\u00f3n a la reforma por varias razones:<\/strong><\/p>\n<p><strong>Primero, afirman que habr\u00eda un incremento en las aportaciones: Aunque la reforma establece aumentos en las cuotas para trabajadores con salarios superiores a 30 mil pesos mensuales, los maestros temen que esta medida pueda extenderse a otros niveles salariales en el futuro, afectando sus ingresos netos. <\/strong><\/p>\n<p><strong>Segundo, el sistema de pensiones: Los docentes demandan un retorno a un sistema de pensiones administrado por el Estado, en lugar de cuentas individuales gestionadas por Afores privadas. Argumentan que el sistema actual, implementado en la reforma de 2007, ha precarizado sus jubilaciones.<\/strong><\/p>\n<p><strong>Tercero, el c\u00e1lculo de pensiones: Exigen que las pensiones se calculen en salarios m\u00ednimos y no en Unidades de Medida de Actualizaci\u00f3n (UMAs), ya que consideran que las UMAs reducen el poder adquisitivo de sus pensiones.<\/strong><\/p>\n<p><strong>Cuarto, exigen una mejora en servicios de salud: Solicitan una atenci\u00f3n m\u00e9dica de calidad y el fortalecimiento de las unidades m\u00e9dicas del ISSSTE, debido a deficiencias en infraestructura y servicios.<\/strong><\/p>\n<p><strong>Quinto, exigen transparencia en cuotas: Demandan que las cuotas descontadas quincenalmente sean entregadas puntualmente al ISSSTE, evitando desv\u00edos o retrasos que afecten sus prestaciones.<\/strong><\/p>\n<p><strong>\u00bfCu\u00e1l ha sido la respuesta gubernamental?<\/strong><\/p>\n<p><strong>Ante las protestas y movilizaciones de los maestros, la presidenta Claudia Sheinbaum ha asegurado que la reforma no afectar\u00e1 al magisterio ni al personal de salud o a los trabajadores de base. Reconoci\u00f3 que la redacci\u00f3n de la reforma pudo ser confusa y se comprometi\u00f3 a no aprobarla hasta que quede claro que los trabajadores de base no ser\u00e1n perjudicados.<\/strong><\/p>\n<p><strong>Adem\u00e1s, Sheinbaum ha movilizado a su gabinete para dialogar con los representantes del sector educativo y ha reiterado que su intenci\u00f3n es beneficiar a los maestros y mejorar sus condiciones laborales. <\/strong><\/p>\n<p><strong>A manera de conclusi\u00f3n hay que se\u00f1alar que la reforma a la Ley del ISSSTE plantea desaf\u00edos y oportunidades para el magisterio mexicano. Si bien el gobierno busca fortalecer la instituci\u00f3n y mejorar los servicios, es fundamental que las autoridades escuchen y atiendan las preocupaciones leg\u00edtimas de los docentes. Un di\u00e1logo abierto y transparente es esencial para alcanzar una reforma que beneficie a todas las partes involucradas, garantizando los derechos laborales y las prestaciones de los maestros, quienes desempe\u00f1an un papel crucial en el desarrollo del pa\u00eds.<\/strong><\/p>\n<p><strong>Ahora s\u00ed ya tiene usted un panorama amplio de la situaci\u00f3n, es inminente que una mala operaci\u00f3n en la misma provocar\u00eda la detonaci\u00f3n de esta mega bomba que en nada beneficiar\u00eda al pueblo de M\u00e9xico, en momentos en los que es necesario mantener unidad y cohesi\u00f3n, ante los embates del presidente Donald Trump.<\/strong><\/p>\n<p><strong>\u00a0<\/strong><\/p>\n<p><strong>Al tiempo.<\/strong><\/p>\n<p><img loading=\"lazy\" decoding=\"async\" class=\"alignnone wp-image-51978 size-full\" src=\"http:\/\/noticiasveracruz.com\/wp-content\/uploads\/2025\/03\/FIRMA-EDITORIAL-PD-2.jpg\" alt=\"\" width=\"1024\" height=\"125\" srcset=\"https:\/\/noticiasveracruz.com\/wp-content\/uploads\/2025\/03\/FIRMA-EDITORIAL-PD-2.jpg 1024w, https:\/\/noticiasveracruz.com\/wp-content\/uploads\/2025\/03\/FIRMA-EDITORIAL-PD-2-300x37.jpg 300w, https:\/\/noticiasveracruz.com\/wp-content\/uploads\/2025\/03\/FIRMA-EDITORIAL-PD-2-768x94.jpg 768w\" sizes=\"auto, (max-width: 1024px) 100vw, 1024px\" \/><\/p>\n","protected":false},"excerpt":{"rendered":"<p>\u201cPrudencia es saber distinguir las cosas deseables de las que conviene evitar.\u201d \u2013 Marco Tulio Cicer\u00f3n. El anuncio que debi\u00f3<\/p>\n","protected":false},"author":4,"featured_media":30989,"comment_status":"closed","ping_status":"closed","sticky":false,"template":"","format":"standard","meta":{"colormag_page_container_layout":"default_layout","colormag_page_sidebar_layout":"default_layout","_jetpack_memberships_contains_paid_content":false,"footnotes":"","jetpack_publicize_message":"","jetpack_publicize_feature_enabled":true,"jetpack_social_post_already_shared":true,"jetpack_social_options":{"image_generator_settings":{"template":"highway","default_image_id":0,"font":"","enabled":false},"version":2}},"categories":[6],"tags":[],"class_list":["post-52082","post","type-post","status-publish","format-standard","has-post-thumbnail","hentry","category-columnistas"],"jetpack_publicize_connections":[],"jetpack_featured_media_url":"https:\/\/noticiasveracruz.com\/wp-content\/uploads\/2024\/05\/LUIS-RAMIREZ-BAQUEIRO-800x445-1.png","jetpack_sharing_enabled":true,"publishpress_future_action":{"enabled":false,"date":"2026-05-08 06:03:28","action":"change-status","newStatus":"draft","terms":[],"taxonomy":"category","extraData":[]},"publishpress_future_workflow_manual_trigger":{"enabledWorkflows":[]},"_links":{"self":[{"href":"https:\/\/noticiasveracruz.com\/index.php\/wp-json\/wp\/v2\/posts\/52082","targetHints":{"allow":["GET"]}}],"collection":[{"href":"https:\/\/noticiasveracruz.com\/index.php\/wp-json\/wp\/v2\/posts"}],"about":[{"href":"https:\/\/noticiasveracruz.com\/index.php\/wp-json\/wp\/v2\/types\/post"}],"author":[{"embeddable":true,"href":"https:\/\/noticiasveracruz.com\/index.php\/wp-json\/wp\/v2\/users\/4"}],"replies":[{"embeddable":true,"href":"https:\/\/noticiasveracruz.com\/index.php\/wp-json\/wp\/v2\/comments?post=52082"}],"version-history":[{"count":0,"href":"https:\/\/noticiasveracruz.com\/index.php\/wp-json\/wp\/v2\/posts\/52082\/revisions"}],"wp:featuredmedia":[{"embeddable":true,"href":"https:\/\/noticiasveracruz.com\/index.php\/wp-json\/wp\/v2\/media\/30989"}],"wp:attachment":[{"href":"https:\/\/noticiasveracruz.com\/index.php\/wp-json\/wp\/v2\/media?parent=52082"}],"wp:term":[{"taxonomy":"category","embeddable":true,"href":"https:\/\/noticiasveracruz.com\/index.php\/wp-json\/wp\/v2\/categories?post=52082"},{"taxonomy":"post_tag","embeddable":true,"href":"https:\/\/noticiasveracruz.com\/index.php\/wp-json\/wp\/v2\/tags?post=52082"}],"curies":[{"name":"wp","href":"https:\/\/api.w.org\/{rel}","templated":true}]}}