{"id":52077,"date":"2025-03-11T00:20:12","date_gmt":"2025-03-11T06:20:12","guid":{"rendered":"https:\/\/noticiasveracruz.com\/?p=52077"},"modified":"2025-03-10T22:18:21","modified_gmt":"2025-03-11T04:18:21","slug":"represion-politica-del-gobierno-de-trump","status":"publish","type":"post","link":"https:\/\/noticiasveracruz.com\/index.php\/2025\/03\/11\/represion-politica-del-gobierno-de-trump\/","title":{"rendered":"Represi\u00f3n pol\u00edtica del gobierno de Trump"},"content":{"rendered":"<p class=\"nota-justify\">La noche del s\u00e1bado pasado agentes federales rodearon a una pareja en la entrada de su edificio en Manhattan, identificaron y esposaron al hombre y se lo llevaron; su esposa con ocho meses de embarazo, no lograba ubicar su paradero hasta este lunes en un centro de detenci\u00f3n de inmigrantes.<\/p>\n<p class=\"nota-justify\">El arresto es s\u00f3lo \u201cel primero de muchos que vendr\u00e1n\u201d, confirm\u00f3 personalmente el presidente Donald Trump este lunes, mientras su gobierno se prepara para revisar las acciones y comunicaciones de unos 100 mil estudiantes extranjeros m\u00e1s en protestas \u201cilegales\u201d contra el genocidio de palestinos por Israel y Estados Unidos.<\/p>\n<p class=\"nota-justify\">Pero la amenaza de represi\u00f3n pol\u00edtica no se limita al tema de Israel, sino ya se est\u00e1 empleando contra todo tipo de opositor o cr\u00edtico del presidente y su gobierno, desde otros pol\u00edticos a medios, miles de servidores p\u00fablicos desde bur\u00f3cratas a fiscales, federales, agentes del FBI y hasta militares.<\/p>\n<p class=\"nota-justify\">El arresto de Mahmoud Khalil, un inmigrante con \u201ctarjeta verde\u201d de residente, casado con una ciudadana estadunidense, es el primero realizado por el gobierno de Trump contra participantes en \u201cprotestas ilegales\u201d que caracteriza como \u201cpro Hamas\u201d y \u201canti semitas\u201d cumpliendo con su amenaza de que los estudiantes y otros extranjeros ser\u00e1n deportados y ciudadanos ser\u00e1n expulsados de sus universidades y hasta encarcelados.<\/p>\n<p class=\"nota-justify\">Khalil, de 30 a\u00f1os de edad, fue un estudiante de posgrado de la prestigiada Universidad de Columbia donde fue uno de los l\u00edderes de mayor perfil en las protestas estudiantiles contra la complicidad estadunidense en la guerra de Israel contra Gaza el a\u00f1o pasado. Seg\u00fan su abogada, los agentes federales afirmaron que la visa de Khalil hab\u00eda sido anulada por el Departamento de Estado -la legalidad de eso ser\u00e1 sujeta a una diputa-, y fue hasta este lunes cuando se logr\u00f3 ubicarlo en un centro de detenci\u00f3n a m\u00e1s de mil 500 kil\u00f3metros de esta ciudad en Luisiana. Hasta ahora no se aclara de qu\u00e9 delitos est\u00e1 acusado.<\/p>\n<p class=\"nota-justify\">Trump, en su plataforma social Truth Social pareci\u00f3 confirmar que fue algo que personalmente autoriz\u00f3, y advirti\u00f3 que s\u00f3lo es el inicio. \u201cSabemos que hay m\u00e1s estudiantes en Columbia y otras Universidades a trav\u00e9s del Pa\u00eds que ha participado en actividades pro-terroristas, antisemitas y anti estadunidenses, y el gobierno de Trump no lo tolerar\u00e1\u201d. Acus\u00f3 que muchos no son estudiantes sino \u201cagitadores pagados\u201d y advirti\u00f3 que \u201clos encontraremos, detendremos y deportaremos a estos simpatizantes terroristas de nuestro pa\u00eds -y nunca regresar\u00e1n m\u00e1s\u201d.<\/p>\n<p class=\"nota-justify\">Desde su campa\u00f1a, Trump hab\u00eda identificado a manifestantes contra la guerra de Israel y la complicidad de Washington como \u201canti semitas\u201d y en apoyo de Hamas, grupo designado como \u201cterrorista\u201d.<\/p>\n<p class=\"nota-justify\">La Uni\u00f3n de Libertades Civiles de Nueva York calific\u00f3 el arresto como \u201cun ataque extremo\u201d contra los derechos de libertad de expresi\u00f3n y afirm\u00f3 que \u201cla detenci\u00f3n ilegal de Khalil apesta a macartismo\u201d.<\/p>\n<p class=\"nota-justify\">El arresto fue precedido por el anuncio, la semana pasada, de que el gobierno de Trump estaba ordenando la cancelaci\u00f3n de m\u00e1s de 400 millones en fondos federales a Columbia por, seg\u00fan ellos, el fracaso de la instituci\u00f3n de controlar el antisemitismo en su campus. Otras universidades ya est\u00e1n sufriendo recortes de apoyos federales para programas de ciencias y m\u00e1s ordenadas por el gobierno de Trump, y hoy la Universidad de Harvard anunci\u00f3 el congelamiento de contrataci\u00f3n de empleos ante la incertidumbre provocada por posibles acciones del gobierno en su contra. \u201cTodo financiamiento federal ser\u00e1 frenado para cualquier college, escuela o universidad que permite protestas ilegales\u201d, declar\u00f3 Trump en redes sociales hace una semana.<\/p>\n<p class=\"nota-justify\">Como parte de este esfuerzo, el secretario de Estado Marco Rubio est\u00e1 encabezando un esfuerzo de emplear la inteligencia artificial para examinar las actividades cibern\u00e9ticas de decenas de miles de j\u00f3venes extranjeros con visas de estudiantes que sospecha de actividades pol\u00edticas \u201cilegales\u201d incluyendo el apoyo de agrupaciones \u201cterroristas\u201d, informaron fuentes a Axios.<\/p>\n<p class=\"nota-justify\">Algunos observadores opinan que el gobierno de Trump est\u00e1 jugando con debilitar lo que considera bastiones cr\u00edticos y sitios de posible disidencia, incluyendo universidades.<\/p>\n","protected":false},"excerpt":{"rendered":"<p>La noche del s\u00e1bado pasado agentes federales rodearon a una pareja en la entrada de su edificio en Manhattan, identificaron<\/p>\n","protected":false},"author":4,"featured_media":52078,"comment_status":"closed","ping_status":"closed","sticky":false,"template":"","format":"standard","meta":{"colormag_page_container_layout":"default_layout","colormag_page_sidebar_layout":"default_layout","_jetpack_memberships_contains_paid_content":false,"footnotes":"","jetpack_publicize_message":"","jetpack_publicize_feature_enabled":true,"jetpack_social_post_already_shared":true,"jetpack_social_options":{"image_generator_settings":{"template":"highway","default_image_id":0,"font":"","enabled":false},"version":2}},"categories":[355],"tags":[],"class_list":["post-52077","post","type-post","status-publish","format-standard","has-post-thumbnail","hentry","category-internacional"],"jetpack_publicize_connections":[],"jetpack_featured_media_url":"https:\/\/noticiasveracruz.com\/wp-content\/uploads\/2025\/03\/EST.jpg","jetpack_sharing_enabled":true,"publishpress_future_action":{"enabled":false,"date":"2026-05-08 07:36:15","action":"change-status","newStatus":"draft","terms":[],"taxonomy":"category","extraData":[]},"publishpress_future_workflow_manual_trigger":{"enabledWorkflows":[]},"_links":{"self":[{"href":"https:\/\/noticiasveracruz.com\/index.php\/wp-json\/wp\/v2\/posts\/52077","targetHints":{"allow":["GET"]}}],"collection":[{"href":"https:\/\/noticiasveracruz.com\/index.php\/wp-json\/wp\/v2\/posts"}],"about":[{"href":"https:\/\/noticiasveracruz.com\/index.php\/wp-json\/wp\/v2\/types\/post"}],"author":[{"embeddable":true,"href":"https:\/\/noticiasveracruz.com\/index.php\/wp-json\/wp\/v2\/users\/4"}],"replies":[{"embeddable":true,"href":"https:\/\/noticiasveracruz.com\/index.php\/wp-json\/wp\/v2\/comments?post=52077"}],"version-history":[{"count":0,"href":"https:\/\/noticiasveracruz.com\/index.php\/wp-json\/wp\/v2\/posts\/52077\/revisions"}],"wp:featuredmedia":[{"embeddable":true,"href":"https:\/\/noticiasveracruz.com\/index.php\/wp-json\/wp\/v2\/media\/52078"}],"wp:attachment":[{"href":"https:\/\/noticiasveracruz.com\/index.php\/wp-json\/wp\/v2\/media?parent=52077"}],"wp:term":[{"taxonomy":"category","embeddable":true,"href":"https:\/\/noticiasveracruz.com\/index.php\/wp-json\/wp\/v2\/categories?post=52077"},{"taxonomy":"post_tag","embeddable":true,"href":"https:\/\/noticiasveracruz.com\/index.php\/wp-json\/wp\/v2\/tags?post=52077"}],"curies":[{"name":"wp","href":"https:\/\/api.w.org\/{rel}","templated":true}]}}