{"id":52047,"date":"2025-03-11T00:10:07","date_gmt":"2025-03-11T06:10:07","guid":{"rendered":"https:\/\/noticiasveracruz.com\/?p=52047"},"modified":"2025-03-10T21:51:58","modified_gmt":"2025-03-11T03:51:58","slug":"temor-por-eu-genera-importantes-perdidas-en-mercados-financieros","status":"publish","type":"post","link":"https:\/\/noticiasveracruz.com\/index.php\/2025\/03\/11\/temor-por-eu-genera-importantes-perdidas-en-mercados-financieros\/","title":{"rendered":"Temor por EU genera importantes p\u00e9rdidas en mercados financieros"},"content":{"rendered":"<p class=\"nota-justify\">La posibilidad de un menor crecimiento en la principal econom\u00eda del mundo y el principal socio comercial de M\u00e9xico desat\u00f3 el nerviosismo en los mercados financieros internacionales, liderados por Wall Street, donde el tecnol\u00f3gico Nasdaq sufri\u00f3 su mayor ca\u00edda desde el 2022 y el S&amp;P 500 cerr\u00f3 en m\u00ednimos de seis meses.<\/p>\n<p class=\"nota-justify\">El \u00edndice con mayor componente tecnol\u00f3gico perdi\u00f3 este lunes 4 por ciento, para ubicarse en 17 mil 468.32 puntos, afectado tambi\u00e9n por las d\u00e9biles ventas de Tesla, que llev\u00f3 a los inversionistas a la venta de las acciones, para una ca\u00edda de m\u00e1s de 15 por ciento.<\/p>\n<p class=\"nota-justify\">El S&amp;P 500, por su parte, retrocedi\u00f3 2.69 por ciento, a 5 mil 614.71 enteros.<\/p>\n<p class=\"nota-justify\">La mala racha de Wall Street se extendi\u00f3 en una turbulenta jornada del lunes donde las \u00faltimas declaraciones del presidente estadunidense, Donald Trump, no hicieron m\u00e1s que empeorar la percepci\u00f3n sobre los efectos de su pol\u00edtica comercial.<\/p>\n<p class=\"nota-justify\">Los comentarios del mandatario estadunidense la tarde del domingo agudizaron las preocupaciones que trajo el informe de n\u00f3minas no agr\u00edcolas publicado el viernes, m\u00e1s all\u00e1 de que este fue considerado como no tan negativo por los analistas.<\/p>\n<p class=\"nota-justify\">Sin embargo, los analistas consideran que el da\u00f1o ya est\u00e1 hecho, s\u00f3lo cabe esperar datos econ\u00f3micos y m\u00e1s ventas de la renta variable (acciones) en los pr\u00f3ximos d\u00edas.<\/p>\n<p>La otra cara de esta situaci\u00f3n es un\u00a0<i>rally\u00a0<\/i>de los bonos del Tesoro de Estados Unidos a dos a\u00f1os, el cual se hundi\u00f3 m\u00e1s de 103, a su menor tasa de inter\u00e9s nivel desde octubre, ya que el mercado prev\u00e9 que la Reserva Federal recortar\u00e1 su tasa de inter\u00e9s al menos tres veces este a\u00f1o para dar alivio a la actividad econ\u00f3mica.<\/p>\n","protected":false},"excerpt":{"rendered":"<p>La posibilidad de un menor crecimiento en la principal econom\u00eda del mundo y el principal socio comercial de M\u00e9xico desat\u00f3<\/p>\n","protected":false},"author":4,"featured_media":52048,"comment_status":"closed","ping_status":"closed","sticky":false,"template":"","format":"standard","meta":{"colormag_page_container_layout":"default_layout","colormag_page_sidebar_layout":"default_layout","_jetpack_memberships_contains_paid_content":false,"footnotes":"","jetpack_publicize_message":"","jetpack_publicize_feature_enabled":true,"jetpack_social_post_already_shared":true,"jetpack_social_options":{"image_generator_settings":{"template":"highway","default_image_id":0,"font":"","enabled":false},"version":2}},"categories":[1947],"tags":[],"class_list":["post-52047","post","type-post","status-publish","format-standard","has-post-thumbnail","hentry","category-economia"],"jetpack_publicize_connections":[],"jetpack_featured_media_url":"https:\/\/noticiasveracruz.com\/wp-content\/uploads\/2025\/03\/AP25058558908836.jpg","jetpack_sharing_enabled":true,"publishpress_future_action":{"enabled":false,"date":"2026-05-08 07:49:39","action":"change-status","newStatus":"draft","terms":[],"taxonomy":"category","extraData":[]},"publishpress_future_workflow_manual_trigger":{"enabledWorkflows":[]},"_links":{"self":[{"href":"https:\/\/noticiasveracruz.com\/index.php\/wp-json\/wp\/v2\/posts\/52047","targetHints":{"allow":["GET"]}}],"collection":[{"href":"https:\/\/noticiasveracruz.com\/index.php\/wp-json\/wp\/v2\/posts"}],"about":[{"href":"https:\/\/noticiasveracruz.com\/index.php\/wp-json\/wp\/v2\/types\/post"}],"author":[{"embeddable":true,"href":"https:\/\/noticiasveracruz.com\/index.php\/wp-json\/wp\/v2\/users\/4"}],"replies":[{"embeddable":true,"href":"https:\/\/noticiasveracruz.com\/index.php\/wp-json\/wp\/v2\/comments?post=52047"}],"version-history":[{"count":0,"href":"https:\/\/noticiasveracruz.com\/index.php\/wp-json\/wp\/v2\/posts\/52047\/revisions"}],"wp:featuredmedia":[{"embeddable":true,"href":"https:\/\/noticiasveracruz.com\/index.php\/wp-json\/wp\/v2\/media\/52048"}],"wp:attachment":[{"href":"https:\/\/noticiasveracruz.com\/index.php\/wp-json\/wp\/v2\/media?parent=52047"}],"wp:term":[{"taxonomy":"category","embeddable":true,"href":"https:\/\/noticiasveracruz.com\/index.php\/wp-json\/wp\/v2\/categories?post=52047"},{"taxonomy":"post_tag","embeddable":true,"href":"https:\/\/noticiasveracruz.com\/index.php\/wp-json\/wp\/v2\/tags?post=52047"}],"curies":[{"name":"wp","href":"https:\/\/api.w.org\/{rel}","templated":true}]}}