{"id":52041,"date":"2025-03-11T00:08:23","date_gmt":"2025-03-11T06:08:23","guid":{"rendered":"https:\/\/noticiasveracruz.com\/?p=52041"},"modified":"2025-03-10T21:47:58","modified_gmt":"2025-03-11T03:47:58","slug":"oficializa-la-corte-plazo-de-extincion-de-actual-integracion-el-15-de-agosto","status":"publish","type":"post","link":"https:\/\/noticiasveracruz.com\/index.php\/2025\/03\/11\/oficializa-la-corte-plazo-de-extincion-de-actual-integracion-el-15-de-agosto\/","title":{"rendered":"Oficializa la Corte plazo de extinci\u00f3n de actual integraci\u00f3n, el 15 de agosto"},"content":{"rendered":"<p>La Suprema Corte de Justicia de la Naci\u00f3n (SCJN) hizo oficial este lunes el acuerdo que marca la ruta y los plazos para la conclusi\u00f3n de funciones de su actual integraci\u00f3n, documento que establece que la \u00faltima sesi\u00f3n del actual Pleno ser\u00e1 el 12 de agosto, el \u00faltimo informe de labores de la ministra presidenta Norma Pi\u00f1a Hern\u00e1ndez el 15 de agosto; y se crear\u00e1 el \u201cGrupo de trabajo de rendici\u00f3n de cuentas\u201d que vigilar\u00e1 el proceso de entrega-recepci\u00f3n.<\/p>\n<p>En el Diario Oficial de la Federaci\u00f3n (DOF) fue publicado el Acuerdo General 3\/2025 del Pleno de la Corte, que se\u00f1ala que en acato a la reforma judicial que entr\u00f3 en vigor el 16 de septiembre del a\u00f1o pasado \u201cse advierte que el 31 de agosto de 2025 concluir\u00e1n las funciones de la actual integraci\u00f3n de la Suprema Corte de Justicia de la Naci\u00f3n\u201d.<\/p>\n<p>Lo anterior, debido a que para esa fecha concluir\u00e1n sus funciones la Primera y la Segunda sala de la Corte; concluir\u00e1n su periodo constitucional las ministras y ministros que actualmente integran el Pleno; la administraci\u00f3n del Alto Tribunal dejar\u00e1 de pertenecer a su presidencia; y se reducir\u00e1 el n\u00famero togados y funcionar\u00e1n \u00fanicamente en Pleno.<\/p>\n<p>Por otra parte, se confirma lo que trascendi\u00f3 en la prensa la semana pasada, que a partir del 15 de abril pr\u00f3ximo y hasta el 15 de agosto del mismo a\u00f1o, la Corte \u00fanicamente turnar\u00e1 a ponencias los asuntos considerados urgentes, como los amparos directos, en revisi\u00f3n y directos en revisi\u00f3n en los que el quejoso se encuentre privado de su libertad, se involucre directamente el inter\u00e9s superior de los menores o deriven de juicios laborales o agrarios colectivos; las controversias constitucionales en las que se solicite la suspensi\u00f3n; las acciones de inconstitucionalidad en materia electoral, entre otros.<\/p>\n<p>Tambi\u00e9n, que en los pr\u00f3ximos meses y d\u00edas antes de la entrega-recepci\u00f3n se reducir\u00e1n las sesiones en la Corte: durante abril y mayo, el Pleno sesionar\u00e1 lunes y martes; y de junio y hasta el 12 de agosto s\u00f3lo los martes.<\/p>\n<p>Las Salas continuar\u00e1n sesionando cada mi\u00e9rcoles hasta el 28 de mayo y, posteriormente, cada 15 d\u00edas hasta el mi\u00e9rcoles 13 de agosto. Y el informe final de labores de la ministra presidenta Pi\u00f1a Hern\u00e1ndez, que abarcar\u00e1 desde su inicio en el cargo hasta la fecha de su conclusi\u00f3n, \u201cdeber\u00e1 publicarse, a m\u00e1s tardar, el 15 de agosto pr\u00f3ximo\u201d.<\/p>\n<p>Lo anterior para dar tiempo al Pleno y las Salas a \u201cresolver oportunamente y aprobar los engroses de los asuntos de su competencia, as\u00ed como realizar la entrega de los recursos asignados a las Ponencias y a las Secretar\u00edas de Acuerdos de las Salas, sin menoscabo de que se contin\u00fae actuando en los asuntos cuyo tr\u00e1mite resulte urgente o preferente\u201d.<\/p>\n<p>Se establece, adem\u00e1s, que Pi\u00f1a \u201cpodr\u00e1 designar a una persona responsable de la integraci\u00f3n del acta entrega &#8211; recepci\u00f3n institucional\u201d, la cual se suscribir\u00e1 el \u00faltimo d\u00eda h\u00e1bil de agosto y surtir\u00e1 sus efectos hasta las cero horas del d\u00eda 1 de septiembre siguiente.<\/p>\n<p>Y sea Pi\u00f1a o \u201cla persona servidora p\u00fablica a la que hace referencia el art\u00edculo anterior, ser\u00e1 la que presente el acta entrega &#8211; recepci\u00f3n institucional a la persona que resulte electa como Presidenta o Presidente de la Suprema Corte en la elecci\u00f3n extraordinaria del a\u00f1o dos mil veinticinco\u201d.<\/p>\n<p>\u00abUna vez suscrita el acta entrega &#8211; recepci\u00f3n institucional se proporcionar\u00e1 un tanto a la Presidenta o al Presidente saliente, otro a la Presidenta o al Presidente entrante, y uno m\u00e1s para los archivos de la Suprema Corte\u201d, apunta.<\/p>\n<p>Adem\u00e1s, se conformar\u00e1 el Grupo de trabajo de rendici\u00f3n de cuentas dentro de los cinco d\u00edas h\u00e1biles siguientes a que el Instituto Nacional Electoral (INE) publique los resultados de la elecci\u00f3n extraordinaria del a\u00f1o 2025.<\/p>\n<p>Este grupo estar\u00e1 integrado por las personas titulares de la Secretar\u00eda General de Acuerdos, la Subsecretar\u00eda General de Acuerdos, la Secretar\u00eda General de la Presidencia, la Oficial\u00eda Mayor y la Contralor\u00eda de la Suprema Corte.<\/p>\n<p>\u201cDicho Grupo deber\u00e1 rendir un informe sobre el estado de la entrega de los recursos materiales, humanos, financieros y presupuestales de los distintos \u00f3rganos y \u00e1reas de la Suprema Corte, a la persona que como resultado de la elecci\u00f3n extraordinaria del a\u00f1o dos mil veinticinco le corresponda la Presidencia de este Alto Tribunal o a quien \u00e9sta determine\u201d, se\u00f1ala el documento.<\/p>\n","protected":false},"excerpt":{"rendered":"<p>La Suprema Corte de Justicia de la Naci\u00f3n (SCJN) hizo oficial este lunes el acuerdo que marca la ruta y<\/p>\n","protected":false},"author":4,"featured_media":52042,"comment_status":"closed","ping_status":"closed","sticky":false,"template":"","format":"standard","meta":{"colormag_page_container_layout":"default_layout","colormag_page_sidebar_layout":"default_layout","_jetpack_memberships_contains_paid_content":false,"footnotes":"","jetpack_publicize_message":"","jetpack_publicize_feature_enabled":true,"jetpack_social_post_already_shared":true,"jetpack_social_options":{"image_generator_settings":{"template":"highway","default_image_id":0,"font":"","enabled":false},"version":2}},"categories":[4],"tags":[],"class_list":["post-52041","post","type-post","status-publish","format-standard","has-post-thumbnail","hentry","category-nacional"],"jetpack_publicize_connections":[],"jetpack_featured_media_url":"https:\/\/noticiasveracruz.com\/wp-content\/uploads\/2025\/03\/Suprema-Corte-analizari-suspensiones-de-Reforma-Judicial1.jpg","jetpack_sharing_enabled":true,"publishpress_future_action":{"enabled":false,"date":"2026-05-08 10:00:26","action":"change-status","newStatus":"draft","terms":[],"taxonomy":"category","extraData":[]},"publishpress_future_workflow_manual_trigger":{"enabledWorkflows":[]},"_links":{"self":[{"href":"https:\/\/noticiasveracruz.com\/index.php\/wp-json\/wp\/v2\/posts\/52041","targetHints":{"allow":["GET"]}}],"collection":[{"href":"https:\/\/noticiasveracruz.com\/index.php\/wp-json\/wp\/v2\/posts"}],"about":[{"href":"https:\/\/noticiasveracruz.com\/index.php\/wp-json\/wp\/v2\/types\/post"}],"author":[{"embeddable":true,"href":"https:\/\/noticiasveracruz.com\/index.php\/wp-json\/wp\/v2\/users\/4"}],"replies":[{"embeddable":true,"href":"https:\/\/noticiasveracruz.com\/index.php\/wp-json\/wp\/v2\/comments?post=52041"}],"version-history":[{"count":0,"href":"https:\/\/noticiasveracruz.com\/index.php\/wp-json\/wp\/v2\/posts\/52041\/revisions"}],"wp:featuredmedia":[{"embeddable":true,"href":"https:\/\/noticiasveracruz.com\/index.php\/wp-json\/wp\/v2\/media\/52042"}],"wp:attachment":[{"href":"https:\/\/noticiasveracruz.com\/index.php\/wp-json\/wp\/v2\/media?parent=52041"}],"wp:term":[{"taxonomy":"category","embeddable":true,"href":"https:\/\/noticiasveracruz.com\/index.php\/wp-json\/wp\/v2\/categories?post=52041"},{"taxonomy":"post_tag","embeddable":true,"href":"https:\/\/noticiasveracruz.com\/index.php\/wp-json\/wp\/v2\/tags?post=52041"}],"curies":[{"name":"wp","href":"https:\/\/api.w.org\/{rel}","templated":true}]}}