{"id":52038,"date":"2025-03-11T00:07:20","date_gmt":"2025-03-11T06:07:20","guid":{"rendered":"https:\/\/noticiasveracruz.com\/?p=52038"},"modified":"2025-03-10T21:44:17","modified_gmt":"2025-03-11T03:44:17","slug":"sheinbaum-dara-banderazo-de-salida-para-construccion-del-tren-mexico-pachuca","status":"publish","type":"post","link":"https:\/\/noticiasveracruz.com\/index.php\/2025\/03\/11\/sheinbaum-dara-banderazo-de-salida-para-construccion-del-tren-mexico-pachuca\/","title":{"rendered":"Sheinbaum dar\u00e1 banderazo de salida para construcci\u00f3n del tren M\u00e9xico-Pachuca"},"content":{"rendered":"<p>El pr\u00f3ximo s\u00e1bado, la presidenta Claudia Sheinbaum Pardo dar\u00e1 el banderazo de salida para la construcci\u00f3n del tren M\u00e9xico-Pachuca, cuya obra estar\u00e1 bajo la responsabilidad de los ingenieros militares de la Secretar\u00eda de la Defensa Nacional (Sedena).<\/p>\n<p>As\u00ed lo dio a conocer la mandataria esta ma\u00f1ana en su conferencia en Palacio Nacional, donde a\u00f1adi\u00f3 que el tren M\u00e9xico-Quer\u00e9taro empezar\u00e1 en abril y tambi\u00e9n estar\u00e1 a cargo de la milicia.<\/p>\n<p>La jefa del Ejecutivo agreg\u00f3 que el tren Quer\u00e9taro-Irapuato y el Saltillo-Nuevo Laredo, que tambi\u00e9n se iniciar\u00e1 su construcci\u00f3n este a\u00f1o, ser\u00e1 licitado a inversi\u00f3n privada.<\/p>\n<p>En tanto, que el pr\u00f3ximo a\u00f1o se extender\u00e1 a otros tramos.<\/p>\n","protected":false},"excerpt":{"rendered":"<p>El pr\u00f3ximo s\u00e1bado, la presidenta Claudia Sheinbaum Pardo dar\u00e1 el banderazo de salida para la construcci\u00f3n del tren M\u00e9xico-Pachuca, cuya<\/p>\n","protected":false},"author":4,"featured_media":52039,"comment_status":"closed","ping_status":"closed","sticky":false,"template":"","format":"standard","meta":{"colormag_page_container_layout":"default_layout","colormag_page_sidebar_layout":"default_layout","_jetpack_memberships_contains_paid_content":false,"footnotes":"","jetpack_publicize_message":"","jetpack_publicize_feature_enabled":true,"jetpack_social_post_already_shared":true,"jetpack_social_options":{"image_generator_settings":{"template":"highway","default_image_id":0,"font":"","enabled":false},"version":2}},"categories":[4],"tags":[],"class_list":["post-52038","post","type-post","status-publish","format-standard","has-post-thumbnail","hentry","category-nacional"],"jetpack_publicize_connections":[],"jetpack_featured_media_url":"https:\/\/noticiasveracruz.com\/wp-content\/uploads\/2025\/03\/TRN.jpg","jetpack_sharing_enabled":true,"publishpress_future_action":{"enabled":false,"date":"2026-05-08 09:12:28","action":"change-status","newStatus":"draft","terms":[],"taxonomy":"category","extraData":[]},"publishpress_future_workflow_manual_trigger":{"enabledWorkflows":[]},"_links":{"self":[{"href":"https:\/\/noticiasveracruz.com\/index.php\/wp-json\/wp\/v2\/posts\/52038","targetHints":{"allow":["GET"]}}],"collection":[{"href":"https:\/\/noticiasveracruz.com\/index.php\/wp-json\/wp\/v2\/posts"}],"about":[{"href":"https:\/\/noticiasveracruz.com\/index.php\/wp-json\/wp\/v2\/types\/post"}],"author":[{"embeddable":true,"href":"https:\/\/noticiasveracruz.com\/index.php\/wp-json\/wp\/v2\/users\/4"}],"replies":[{"embeddable":true,"href":"https:\/\/noticiasveracruz.com\/index.php\/wp-json\/wp\/v2\/comments?post=52038"}],"version-history":[{"count":0,"href":"https:\/\/noticiasveracruz.com\/index.php\/wp-json\/wp\/v2\/posts\/52038\/revisions"}],"wp:featuredmedia":[{"embeddable":true,"href":"https:\/\/noticiasveracruz.com\/index.php\/wp-json\/wp\/v2\/media\/52039"}],"wp:attachment":[{"href":"https:\/\/noticiasveracruz.com\/index.php\/wp-json\/wp\/v2\/media?parent=52038"}],"wp:term":[{"taxonomy":"category","embeddable":true,"href":"https:\/\/noticiasveracruz.com\/index.php\/wp-json\/wp\/v2\/categories?post=52038"},{"taxonomy":"post_tag","embeddable":true,"href":"https:\/\/noticiasveracruz.com\/index.php\/wp-json\/wp\/v2\/tags?post=52038"}],"curies":[{"name":"wp","href":"https:\/\/api.w.org\/{rel}","templated":true}]}}