{"id":52035,"date":"2025-03-11T00:06:06","date_gmt":"2025-03-11T06:06:06","guid":{"rendered":"https:\/\/noticiasveracruz.com\/?p=52035"},"modified":"2025-03-10T21:40:07","modified_gmt":"2025-03-11T03:40:07","slug":"comisiones-de-san-lazaro-avalan-dictamen-contra-injerencia-extranjera","status":"publish","type":"post","link":"https:\/\/noticiasveracruz.com\/index.php\/2025\/03\/11\/comisiones-de-san-lazaro-avalan-dictamen-contra-injerencia-extranjera\/","title":{"rendered":"Comisiones de San L\u00e1zaro avalan dictamen contra injerencia extranjera"},"content":{"rendered":"<p class=\"nota-justify\">Las comisiones unidas de Puntos Constitucionales y de Seguridad Ciudadana de la C\u00e1mara de Diputados aprobaron esta noche el dictamen de reforma a la Constituci\u00f3n, en materia de defensa de la soberan\u00eda frente a injerencias del extranjero y para incluir el terrorismo y el tr\u00e1fico il\u00edcito de armas entre los delitos que ameritan prisi\u00f3n preventiva oficiosa.<\/p>\n<p class=\"nota-justify\">La discusi\u00f3n se retras\u00f3 una hora, porque la presidenta de la Comisi\u00f3n de Seguridad, Jessica Saiden Quiroz (Morena), cit\u00f3 a los integrantes de esa instancia para el martes, y su yerro estuvo a punto de aplazar la reforma, que est\u00e1 previsto para votarse en el pleno ma\u00f1ana martes.<\/p>\n<p class=\"nota-justify\">De hecho, no se realiz\u00f3 la reuni\u00f3n previa de juntas directivas de ambas comisiones para votar el orden del d\u00eda, porque en la de Seguridad no hubo qu\u00f3rum, y fue el pleno el que acept\u00f3 subsanar el tr\u00e1mite para poder desahogar la discusi\u00f3n.<\/p>\n<p class=\"nota-justify\">El error de Saiden Quiroz se reflej\u00f3 en la asistencia final: 32 de los 43 integrantes de la Comisi\u00f3n de Puntos Constitucionales acudieron a la reuni\u00f3n, y en contraste solo 27 de 44 a la de Seguridad.<\/p>\n<p class=\"nota-justify\">M\u00e1s tarde, cuando termin\u00f3 la discusi\u00f3n del dictamen, el presidente de la Comisi\u00f3n de Puntos orden\u00f3 enviar el dictamen a la Mesa Directiva, cuando todav\u00eda no se votaba y se tuvo que corregir el procedimiento.<\/p>\n<p class=\"nota-justify\">El dictamen se valid\u00f3 con votos 30 votos de Morena, PAN, PT, PVEM y MC en la Comisi\u00f3n de Puntos Constitucionales, y dos del PRI en contra, y 25 en favor de Seguridad y dos en contra del PRI, que argument\u00f3 una \u201csobre regulaci\u00f3n constitucional\u201d, pues la integridad de la soberan\u00eda est\u00e1 definida en otros art\u00edculos de la Constituci\u00f3n y los delitos de terrorismo y tr\u00e1fico ilegal de armas en el C\u00f3digo Penal Federal.<\/p>\n<p class=\"nota-justify\">Mientras, Manuel V\u00e1zquez Arellano (Morena) expres\u00f3 que ante las amenazas de Estados Unidos y el trato que Donald Trump le ha dado a Canad\u00e1 y a Ucrania, M\u00e9xico debe \u201ctomarlo como una se\u00f1al\u201d para tomar medidas.<\/p>\n<p class=\"nota-justify\">Ante las posturas del PAN, manifest\u00f3: \u201cNo podemos escapar a la influencia de Estados Unidos, pero no puede venir a combatir el narco como ustedes quisieran, o como lo han hecho en otros pa\u00edses, con los resultados en las guerras en Irak y Afganist\u00e1n. Esos escenarios no son los que queremos en M\u00e9xico y por eso tenemos que reforzar el marco jur\u00eddico\u201d.<\/p>\n<p class=\"nota-justify\">La vicecoordinadora del PAN, Noem\u00ed Luna, sostuvo que si se quiere defender la soberan\u00eda del pa\u00eds, debe irse m\u00e1s all\u00e1 y defender a los ciudadanos del crimen organizado.<\/p>\n<p class=\"nota-justify\">\u201cNo sean c\u00f3mplices. Y no, nadie festeja las amenazas de un gobierno externo, jam\u00e1s. Cuando de la patria se trata vamos todos, pero la patria est\u00e1 constituida por ciudadanos que tampoco votaron por el oficialismo y todos los d\u00edas sufren las consecuencias de una p\u00e9sima estrategia de abrazos y no balazos\u201d, sostuvo.<\/p>\n","protected":false},"excerpt":{"rendered":"<p>Las comisiones unidas de Puntos Constitucionales y de Seguridad Ciudadana de la C\u00e1mara de Diputados aprobaron esta noche el dictamen<\/p>\n","protected":false},"author":4,"featured_media":52036,"comment_status":"closed","ping_status":"closed","sticky":false,"template":"","format":"standard","meta":{"colormag_page_container_layout":"default_layout","colormag_page_sidebar_layout":"default_layout","_jetpack_memberships_contains_paid_content":false,"footnotes":"","jetpack_publicize_message":"","jetpack_publicize_feature_enabled":true,"jetpack_social_post_already_shared":true,"jetpack_social_options":{"image_generator_settings":{"template":"highway","default_image_id":0,"font":"","enabled":false},"version":2}},"categories":[4],"tags":[],"class_list":["post-52035","post","type-post","status-publish","format-standard","has-post-thumbnail","hentry","category-nacional"],"jetpack_publicize_connections":[],"jetpack_featured_media_url":"https:\/\/noticiasveracruz.com\/wp-content\/uploads\/2025\/03\/SL.jpg","jetpack_sharing_enabled":true,"publishpress_future_action":{"enabled":false,"date":"2026-05-08 08:16:56","action":"change-status","newStatus":"draft","terms":[],"taxonomy":"category","extraData":[]},"publishpress_future_workflow_manual_trigger":{"enabledWorkflows":[]},"_links":{"self":[{"href":"https:\/\/noticiasveracruz.com\/index.php\/wp-json\/wp\/v2\/posts\/52035","targetHints":{"allow":["GET"]}}],"collection":[{"href":"https:\/\/noticiasveracruz.com\/index.php\/wp-json\/wp\/v2\/posts"}],"about":[{"href":"https:\/\/noticiasveracruz.com\/index.php\/wp-json\/wp\/v2\/types\/post"}],"author":[{"embeddable":true,"href":"https:\/\/noticiasveracruz.com\/index.php\/wp-json\/wp\/v2\/users\/4"}],"replies":[{"embeddable":true,"href":"https:\/\/noticiasveracruz.com\/index.php\/wp-json\/wp\/v2\/comments?post=52035"}],"version-history":[{"count":0,"href":"https:\/\/noticiasveracruz.com\/index.php\/wp-json\/wp\/v2\/posts\/52035\/revisions"}],"wp:featuredmedia":[{"embeddable":true,"href":"https:\/\/noticiasveracruz.com\/index.php\/wp-json\/wp\/v2\/media\/52036"}],"wp:attachment":[{"href":"https:\/\/noticiasveracruz.com\/index.php\/wp-json\/wp\/v2\/media?parent=52035"}],"wp:term":[{"taxonomy":"category","embeddable":true,"href":"https:\/\/noticiasveracruz.com\/index.php\/wp-json\/wp\/v2\/categories?post=52035"},{"taxonomy":"post_tag","embeddable":true,"href":"https:\/\/noticiasveracruz.com\/index.php\/wp-json\/wp\/v2\/tags?post=52035"}],"curies":[{"name":"wp","href":"https:\/\/api.w.org\/{rel}","templated":true}]}}