{"id":52032,"date":"2025-03-11T00:05:40","date_gmt":"2025-03-11T06:05:40","guid":{"rendered":"https:\/\/noticiasveracruz.com\/?p=52032"},"modified":"2025-03-10T21:37:57","modified_gmt":"2025-03-11T03:37:57","slug":"ordena-ine-a-5-medios-digitales-retirar-publicaciones-por-posible-vpmrg","status":"publish","type":"post","link":"https:\/\/noticiasveracruz.com\/index.php\/2025\/03\/11\/ordena-ine-a-5-medios-digitales-retirar-publicaciones-por-posible-vpmrg\/","title":{"rendered":"Ordena INE a 5 medios digitales retirar publicaciones por posible VPMRG"},"content":{"rendered":"<p class=\"nota-justify\">La Comisi\u00f3n de Quejas y Denuncias del Instituto Nacional Electoral (INE) resolvi\u00f3 una medida cautelar, solicitada por una diputada federal por aparente Violencia en Raz\u00f3n de G\u00e9nero y conoci\u00f3 59 Procedimientos Ordinarios Sancionadores relacionados con afiliaciones indebidas realizadas por diversos partidos pol\u00edticos nacionales.<\/p>\n<p class=\"nota-justify\">En el primer asunto, una persona que solicit\u00f3 la confidencialidad de sus datos, en su calidad de diputada federal, present\u00f3 una queja en contra de los titulares de diversos medios de comunicaci\u00f3n o quien resulte responsable, por la difusi\u00f3n de notas period\u00edsticas publicadas en internet, en las que aparecen im\u00e1genes y videos que, a decir de la quejosa, contienen descalificaciones que podr\u00edan constituir VPG, por lo que solicit\u00f3 su retiro.<\/p>\n<p class=\"nota-justify\">Los integrantes de la Comisi\u00f3n resolvieron, por unanimidad, la procedencia de medidas cautelares respecto de 5 publicaciones, al considerar que podr\u00edan contener violencia digital, sexual, simb\u00f3lica y psicol\u00f3gica, debido a que emplean expresiones que refuerzan estereotipos y roles de g\u00e9nero que cosifican a la denunciante, afectando su derecho a ejercer libremente un cargo de elecci\u00f3n popular como diputada federal.<\/p>\n<p class=\"nota-justify\">Por lo anterior, se orden\u00f3 a los medios de comunicaci\u00f3n retirar las publicaciones digitales objeto de la denuncia en un plazo no mayor a 24 horas.<\/p>\n","protected":false},"excerpt":{"rendered":"<p>La Comisi\u00f3n de Quejas y Denuncias del Instituto Nacional Electoral (INE) resolvi\u00f3 una medida cautelar, solicitada por una diputada federal<\/p>\n","protected":false},"author":4,"featured_media":52033,"comment_status":"closed","ping_status":"closed","sticky":false,"template":"","format":"standard","meta":{"colormag_page_container_layout":"default_layout","colormag_page_sidebar_layout":"default_layout","_jetpack_memberships_contains_paid_content":false,"footnotes":"","jetpack_publicize_message":"","jetpack_publicize_feature_enabled":true,"jetpack_social_post_already_shared":true,"jetpack_social_options":{"image_generator_settings":{"template":"highway","default_image_id":0,"font":"","enabled":false},"version":2}},"categories":[4],"tags":[],"class_list":["post-52032","post","type-post","status-publish","format-standard","has-post-thumbnail","hentry","category-nacional"],"jetpack_publicize_connections":[],"jetpack_featured_media_url":"https:\/\/noticiasveracruz.com\/wp-content\/uploads\/2025\/03\/VFB.jpg","jetpack_sharing_enabled":true,"publishpress_future_action":{"enabled":false,"date":"2026-05-08 07:31:24","action":"change-status","newStatus":"draft","terms":[],"taxonomy":"category","extraData":[]},"publishpress_future_workflow_manual_trigger":{"enabledWorkflows":[]},"_links":{"self":[{"href":"https:\/\/noticiasveracruz.com\/index.php\/wp-json\/wp\/v2\/posts\/52032","targetHints":{"allow":["GET"]}}],"collection":[{"href":"https:\/\/noticiasveracruz.com\/index.php\/wp-json\/wp\/v2\/posts"}],"about":[{"href":"https:\/\/noticiasveracruz.com\/index.php\/wp-json\/wp\/v2\/types\/post"}],"author":[{"embeddable":true,"href":"https:\/\/noticiasveracruz.com\/index.php\/wp-json\/wp\/v2\/users\/4"}],"replies":[{"embeddable":true,"href":"https:\/\/noticiasveracruz.com\/index.php\/wp-json\/wp\/v2\/comments?post=52032"}],"version-history":[{"count":0,"href":"https:\/\/noticiasveracruz.com\/index.php\/wp-json\/wp\/v2\/posts\/52032\/revisions"}],"wp:featuredmedia":[{"embeddable":true,"href":"https:\/\/noticiasveracruz.com\/index.php\/wp-json\/wp\/v2\/media\/52033"}],"wp:attachment":[{"href":"https:\/\/noticiasveracruz.com\/index.php\/wp-json\/wp\/v2\/media?parent=52032"}],"wp:term":[{"taxonomy":"category","embeddable":true,"href":"https:\/\/noticiasveracruz.com\/index.php\/wp-json\/wp\/v2\/categories?post=52032"},{"taxonomy":"post_tag","embeddable":true,"href":"https:\/\/noticiasveracruz.com\/index.php\/wp-json\/wp\/v2\/tags?post=52032"}],"curies":[{"name":"wp","href":"https:\/\/api.w.org\/{rel}","templated":true}]}}