{"id":52029,"date":"2025-03-11T00:04:27","date_gmt":"2025-03-11T06:04:27","guid":{"rendered":"https:\/\/noticiasveracruz.com\/?p=52029"},"modified":"2025-03-10T21:19:59","modified_gmt":"2025-03-11T03:19:59","slug":"gobierno-y-sedatu-regularizaran-escuelas","status":"publish","type":"post","link":"https:\/\/noticiasveracruz.com\/index.php\/2025\/03\/11\/gobierno-y-sedatu-regularizaran-escuelas\/","title":{"rendered":"Gobierno y Sedatu regularizar\u00e1n escuelas"},"content":{"rendered":"<p>Con el apoyo de la Secretar\u00eda de Desarrollo Agrario, Territorial y Urbano (Sedatu), el Gobierno del Estado iniciar\u00e1 la regularizaci\u00f3n de escuelas p\u00fablicas que carezcan de escrituras para abatir el rezago en esta materia, anunci\u00f3 la gobernadora Roc\u00edo Nahle Garc\u00eda.<\/p>\n<p>Lo anterior contribuir\u00e1 a que los planteles accedan a programas con presupuesto federal, como el de La Escuela es Nuestra, entre otros beneficios, a los que no han podido acceder algunos con m\u00e1s de 30 a\u00f1os de antig\u00fcedad.<\/p>\n<p>En conferencia de prensa, dio a conocer que la titular de la dependencia, Edna Elena Vega Rangel, visitar\u00e1 la entidad luego de que la presidenta Claudia Sheinbaum Pardo ponga en marcha a nivel nacional el programa de ordenamiento de predios.<\/p>\n<p>\u201cEsta semana iba a venir la secretaria Edna de Sedatu, ayer habl\u00e9 con ella en M\u00e9xico. Est\u00e1 recorriendo por una indicaci\u00f3n de la Presidenta, que va a hacer un anuncio nacional\u201d.<\/p>\n<p>La Mandataria abund\u00f3 que este tema para dotar de escrituras se ha analizado en conjunto con la Secretar\u00eda de Gobierno y record\u00f3 que en el Congreso del Estado se est\u00e1 avanzado en conjunto con la Comisi\u00f3n para la Atenci\u00f3n y Seguimiento de la Regularizaci\u00f3n y Situaci\u00f3n Jur\u00eddica de los Predios Escolares.<\/p>\n","protected":false},"excerpt":{"rendered":"<p>Con el apoyo de la Secretar\u00eda de Desarrollo Agrario, Territorial y Urbano (Sedatu), el Gobierno del Estado iniciar\u00e1 la regularizaci\u00f3n<\/p>\n","protected":false},"author":4,"featured_media":52030,"comment_status":"closed","ping_status":"closed","sticky":false,"template":"","format":"standard","meta":{"colormag_page_container_layout":"default_layout","colormag_page_sidebar_layout":"default_layout","_jetpack_memberships_contains_paid_content":false,"footnotes":"","jetpack_publicize_message":"","jetpack_publicize_feature_enabled":true,"jetpack_social_post_already_shared":true,"jetpack_social_options":{"image_generator_settings":{"template":"highway","default_image_id":0,"font":"","enabled":false},"version":2}},"categories":[356],"tags":[],"class_list":["post-52029","post","type-post","status-publish","format-standard","has-post-thumbnail","hentry","category-veracruz"],"jetpack_publicize_connections":[],"jetpack_featured_media_url":"https:\/\/noticiasveracruz.com\/wp-content\/uploads\/2025\/03\/9b-5-scaled.jpg","jetpack_sharing_enabled":true,"publishpress_future_action":{"enabled":false,"date":"2026-05-08 07:31:29","action":"change-status","newStatus":"draft","terms":[],"taxonomy":"category","extraData":[]},"publishpress_future_workflow_manual_trigger":{"enabledWorkflows":[]},"_links":{"self":[{"href":"https:\/\/noticiasveracruz.com\/index.php\/wp-json\/wp\/v2\/posts\/52029","targetHints":{"allow":["GET"]}}],"collection":[{"href":"https:\/\/noticiasveracruz.com\/index.php\/wp-json\/wp\/v2\/posts"}],"about":[{"href":"https:\/\/noticiasveracruz.com\/index.php\/wp-json\/wp\/v2\/types\/post"}],"author":[{"embeddable":true,"href":"https:\/\/noticiasveracruz.com\/index.php\/wp-json\/wp\/v2\/users\/4"}],"replies":[{"embeddable":true,"href":"https:\/\/noticiasveracruz.com\/index.php\/wp-json\/wp\/v2\/comments?post=52029"}],"version-history":[{"count":0,"href":"https:\/\/noticiasveracruz.com\/index.php\/wp-json\/wp\/v2\/posts\/52029\/revisions"}],"wp:featuredmedia":[{"embeddable":true,"href":"https:\/\/noticiasveracruz.com\/index.php\/wp-json\/wp\/v2\/media\/52030"}],"wp:attachment":[{"href":"https:\/\/noticiasveracruz.com\/index.php\/wp-json\/wp\/v2\/media?parent=52029"}],"wp:term":[{"taxonomy":"category","embeddable":true,"href":"https:\/\/noticiasveracruz.com\/index.php\/wp-json\/wp\/v2\/categories?post=52029"},{"taxonomy":"post_tag","embeddable":true,"href":"https:\/\/noticiasveracruz.com\/index.php\/wp-json\/wp\/v2\/tags?post=52029"}],"curies":[{"name":"wp","href":"https:\/\/api.w.org\/{rel}","templated":true}]}}