{"id":52023,"date":"2025-03-11T00:02:58","date_gmt":"2025-03-11T06:02:58","guid":{"rendered":"https:\/\/noticiasveracruz.com\/?p=52023"},"modified":"2025-03-10T21:16:46","modified_gmt":"2025-03-11T03:16:46","slug":"destaca-gobernadora-liderazgo-de-sheinbaum","status":"publish","type":"post","link":"https:\/\/noticiasveracruz.com\/index.php\/2025\/03\/11\/destaca-gobernadora-liderazgo-de-sheinbaum\/","title":{"rendered":"Destaca Gobernadora liderazgo de Sheinbaum"},"content":{"rendered":"<p>La gobernadora de Veracruz, Roc\u00edo Nahle Garc\u00eda, destac\u00f3 el respaldo popular a la presidenta Claudia Sheinbaum Pardo durante la asamblea informativa en el Z\u00f3calo de la Ciudad de M\u00e9xico, en entrevista para Quatro Media Comunicaciones.<\/p>\n<p>\u201cNuestra Presidenta ha demostrado ser una l\u00edder con una estatura pol\u00edtica y moral de primer nivel; su capacidad para llevar las negociaciones con Estados Unidos con firmeza y sin provocaciones es prueba de su extraordinaria visi\u00f3n pol\u00edtica\u201d, expres\u00f3 la mandataria estatal tras su participaci\u00f3n en el evento.<\/p>\n<p>Durante su mensaje, Sheinbaum Pardo deline\u00f3 cinco estrategias para fortalecer el desarrollo del pa\u00eds, entre ellos, el aumento al salario m\u00ednimo para reforzar el mercado y mejorar la calidad de vida de los trabajadores; la Gobernadora record\u00f3 que, en su momento, los sectores neoliberales advert\u00edan sobre una posible devaluaci\u00f3n, lo cual no ocurri\u00f3, por el contrario, se fortaleci\u00f3 la econom\u00eda.<\/p>\n<p>Resalt\u00f3 la importancia de ampliar la autosuficiencia en alimentos y energ\u00eda, un eje en el que Veracruz ha avanzado con programas para aumentar la producci\u00f3n de ma\u00edz y en el que, a nivel nacional, ha trabajado con la recuperaci\u00f3n de refiner\u00edas y la construcci\u00f3n de Dos Bocas para garantizar la soberan\u00eda energ\u00e9tica.<\/p>\n<p>Subray\u00f3 que el fortalecimiento de la industria nacional a trav\u00e9s del Plan M\u00e9xico permitir\u00e1 consolidar al pa\u00eds en el comercio internacional; record\u00f3 que la Presidenta se mostr\u00f3 impresionada con la capacidad del puerto de Veracruz y su papel en la conexi\u00f3n comercial con Europa y Sudam\u00e9rica, y enfatiz\u00f3 la importancia de consolidar los programas de Bienestar para seguir atendiendo a los sectores m\u00e1s vulnerables.<\/p>\n<p>Puntualiz\u00f3 que M\u00e9xico cuenta con una Presidenta fuerte y con una visi\u00f3n clara para fortalecer la soberan\u00eda y desarrollo del pa\u00eds y, el Gobierno de Veracruz seguir\u00e1 sumando esfuerzos para consolidar la transformaci\u00f3n y garantizar el bienestar de todas y todos.<\/p>\n","protected":false},"excerpt":{"rendered":"<p>La gobernadora de Veracruz, Roc\u00edo Nahle Garc\u00eda, destac\u00f3 el respaldo popular a la presidenta Claudia Sheinbaum Pardo durante la asamblea<\/p>\n","protected":false},"author":4,"featured_media":52024,"comment_status":"closed","ping_status":"closed","sticky":false,"template":"","format":"standard","meta":{"colormag_page_container_layout":"default_layout","colormag_page_sidebar_layout":"default_layout","_jetpack_memberships_contains_paid_content":false,"footnotes":"","jetpack_publicize_message":"","jetpack_publicize_feature_enabled":true,"jetpack_social_post_already_shared":true,"jetpack_social_options":{"image_generator_settings":{"template":"highway","default_image_id":0,"font":"","enabled":false},"version":2}},"categories":[356],"tags":[],"class_list":["post-52023","post","type-post","status-publish","format-standard","has-post-thumbnail","hentry","category-veracruz"],"jetpack_publicize_connections":[],"jetpack_featured_media_url":"https:\/\/noticiasveracruz.com\/wp-content\/uploads\/2025\/03\/8b-1.jpg","jetpack_sharing_enabled":true,"publishpress_future_action":{"enabled":false,"date":"2026-05-08 05:59:10","action":"change-status","newStatus":"draft","terms":[],"taxonomy":"category","extraData":[]},"publishpress_future_workflow_manual_trigger":{"enabledWorkflows":[]},"_links":{"self":[{"href":"https:\/\/noticiasveracruz.com\/index.php\/wp-json\/wp\/v2\/posts\/52023","targetHints":{"allow":["GET"]}}],"collection":[{"href":"https:\/\/noticiasveracruz.com\/index.php\/wp-json\/wp\/v2\/posts"}],"about":[{"href":"https:\/\/noticiasveracruz.com\/index.php\/wp-json\/wp\/v2\/types\/post"}],"author":[{"embeddable":true,"href":"https:\/\/noticiasveracruz.com\/index.php\/wp-json\/wp\/v2\/users\/4"}],"replies":[{"embeddable":true,"href":"https:\/\/noticiasveracruz.com\/index.php\/wp-json\/wp\/v2\/comments?post=52023"}],"version-history":[{"count":0,"href":"https:\/\/noticiasveracruz.com\/index.php\/wp-json\/wp\/v2\/posts\/52023\/revisions"}],"wp:featuredmedia":[{"embeddable":true,"href":"https:\/\/noticiasveracruz.com\/index.php\/wp-json\/wp\/v2\/media\/52024"}],"wp:attachment":[{"href":"https:\/\/noticiasveracruz.com\/index.php\/wp-json\/wp\/v2\/media?parent=52023"}],"wp:term":[{"taxonomy":"category","embeddable":true,"href":"https:\/\/noticiasveracruz.com\/index.php\/wp-json\/wp\/v2\/categories?post=52023"},{"taxonomy":"post_tag","embeddable":true,"href":"https:\/\/noticiasveracruz.com\/index.php\/wp-json\/wp\/v2\/tags?post=52023"}],"curies":[{"name":"wp","href":"https:\/\/api.w.org\/{rel}","templated":true}]}}