{"id":52020,"date":"2025-03-11T00:01:54","date_gmt":"2025-03-11T06:01:54","guid":{"rendered":"https:\/\/noticiasveracruz.com\/?p=52020"},"modified":"2025-03-10T21:15:49","modified_gmt":"2025-03-11T03:15:49","slug":"infraestructura-y-turismo-prioridades-de-la-agenda","status":"publish","type":"post","link":"https:\/\/noticiasveracruz.com\/index.php\/2025\/03\/11\/infraestructura-y-turismo-prioridades-de-la-agenda\/","title":{"rendered":"Infraestructura y turismo, prioridades de la agenda"},"content":{"rendered":"<p>La gobernadora de Veracruz, Roc\u00edo Nahle Garc\u00eda, inform\u00f3 que esta semana llevar\u00e1 a cabo reuniones clave en materia de seguridad, infraestructura y protecci\u00f3n civil, adem\u00e1s de promover Cumbre Taj\u00edn 2025 como un evento de identidad cultural.<\/p>\n<p>Durante entrevista con Quatro Media Comunicaciones, destac\u00f3 que su agenda reuniones con los secretarios de Seguridad Ciudadana, Omar Garc\u00eda Harfuch; y de Infraestructura, Comunicaciones y Transportes, Jes\u00fas Antonio Esteva Medina; y la directora nacional de Protecci\u00f3n Civil, Laura Vel\u00e1zquez.<\/p>\n<p>Asimismo, adelant\u00f3 que la secretaria de Turismo de M\u00e9xico, Josefina Rodr\u00edguez Zamora, mostr\u00f3 inter\u00e9s en visitar Veracruz y asistir a Cumbre Taj\u00edn, cuyo tema central en esta edici\u00f3n ser\u00e1 La siembra al mundo, resaltando la cultura totonaca y el legado de los pueblos ind\u00edgenas.<\/p>\n<p>En el \u00e1mbito de infraestructura, la Mandataria subray\u00f3 la urgencia de continuar con las obras carreteras y anunci\u00f3 la implementaci\u00f3n de un programa de limpieza en las principales v\u00edas del estado.<\/p>\n<p>Explic\u00f3 que la acumulaci\u00f3n de residuos en los caminos, principalmente debido a la actividad de la industria ca\u00f1era, afecta la imagen de Veracruz, por lo que se implementar\u00e1 esta iniciativa para mantener las carreteras en \u00f3ptimas condiciones.<\/p>\n","protected":false},"excerpt":{"rendered":"<p>La gobernadora de Veracruz, Roc\u00edo Nahle Garc\u00eda, inform\u00f3 que esta semana llevar\u00e1 a cabo reuniones clave en materia de seguridad,<\/p>\n","protected":false},"author":4,"featured_media":52021,"comment_status":"closed","ping_status":"closed","sticky":false,"template":"","format":"standard","meta":{"colormag_page_container_layout":"default_layout","colormag_page_sidebar_layout":"default_layout","_jetpack_memberships_contains_paid_content":false,"footnotes":"","jetpack_publicize_message":"","jetpack_publicize_feature_enabled":true,"jetpack_social_post_already_shared":true,"jetpack_social_options":{"image_generator_settings":{"template":"highway","default_image_id":0,"font":"","enabled":false},"version":2}},"categories":[356],"tags":[],"class_list":["post-52020","post","type-post","status-publish","format-standard","has-post-thumbnail","hentry","category-veracruz"],"jetpack_publicize_connections":[],"jetpack_featured_media_url":"https:\/\/noticiasveracruz.com\/wp-content\/uploads\/2025\/03\/8a.jpg","jetpack_sharing_enabled":true,"publishpress_future_action":{"enabled":false,"date":"2026-05-08 05:15:29","action":"change-status","newStatus":"draft","terms":[],"taxonomy":"category","extraData":[]},"publishpress_future_workflow_manual_trigger":{"enabledWorkflows":[]},"_links":{"self":[{"href":"https:\/\/noticiasveracruz.com\/index.php\/wp-json\/wp\/v2\/posts\/52020","targetHints":{"allow":["GET"]}}],"collection":[{"href":"https:\/\/noticiasveracruz.com\/index.php\/wp-json\/wp\/v2\/posts"}],"about":[{"href":"https:\/\/noticiasveracruz.com\/index.php\/wp-json\/wp\/v2\/types\/post"}],"author":[{"embeddable":true,"href":"https:\/\/noticiasveracruz.com\/index.php\/wp-json\/wp\/v2\/users\/4"}],"replies":[{"embeddable":true,"href":"https:\/\/noticiasveracruz.com\/index.php\/wp-json\/wp\/v2\/comments?post=52020"}],"version-history":[{"count":0,"href":"https:\/\/noticiasveracruz.com\/index.php\/wp-json\/wp\/v2\/posts\/52020\/revisions"}],"wp:featuredmedia":[{"embeddable":true,"href":"https:\/\/noticiasveracruz.com\/index.php\/wp-json\/wp\/v2\/media\/52021"}],"wp:attachment":[{"href":"https:\/\/noticiasveracruz.com\/index.php\/wp-json\/wp\/v2\/media?parent=52020"}],"wp:term":[{"taxonomy":"category","embeddable":true,"href":"https:\/\/noticiasveracruz.com\/index.php\/wp-json\/wp\/v2\/categories?post=52020"},{"taxonomy":"post_tag","embeddable":true,"href":"https:\/\/noticiasveracruz.com\/index.php\/wp-json\/wp\/v2\/tags?post=52020"}],"curies":[{"name":"wp","href":"https:\/\/api.w.org\/{rel}","templated":true}]}}