{"id":52012,"date":"2025-03-10T21:06:15","date_gmt":"2025-03-11T03:06:15","guid":{"rendered":"https:\/\/noticiasveracruz.com\/?p=52012"},"modified":"2025-03-10T21:06:15","modified_gmt":"2025-03-11T03:06:15","slug":"el-alcalde-dr-jesus-fomperoza-torres-superviso-los-avances-de-la-rehabilitacion-de-calles-en-cumbre-de-dios-y-juana-moza-ademas-del-asfaltado-en-cruz-naranjos","status":"publish","type":"post","link":"https:\/\/noticiasveracruz.com\/index.php\/2025\/03\/10\/el-alcalde-dr-jesus-fomperoza-torres-superviso-los-avances-de-la-rehabilitacion-de-calles-en-cumbre-de-dios-y-juana-moza-ademas-del-asfaltado-en-cruz-naranjos\/","title":{"rendered":"El alcalde Dr. Jes\u00fas Fomperoza Torres supervis\u00f3 los avances de la rehabilitaci\u00f3n de calles en Cumbre de Dios y Juana Moza, adem\u00e1s del asfaltado en Cruz Naranjos"},"content":{"rendered":"<p>Tuxpan, Ver., 10 de marzo de 2025.- El presidente municipal Dr. Jes\u00fas Fomperoza Torres supervis\u00f3, junto con agentes municipales, los avances de los trabajos de rehabilitaci\u00f3n de calles en la colonia Cumbre de Dios, de la comunidad Monte Grande y congregaci\u00f3n Juana Moza. Tambi\u00e9n el asfaltado de la carretera en Cruz Naranjos.<\/p>\n<p><img loading=\"lazy\" decoding=\"async\" class=\"alignnone size-medium wp-image-52018\" src=\"http:\/\/noticiasveracruz.com\/wp-content\/uploads\/2025\/03\/WhatsApp-Image-2025-03-10-at-18.23.34-300x166.jpeg\" alt=\"\" width=\"300\" height=\"166\" srcset=\"https:\/\/noticiasveracruz.com\/wp-content\/uploads\/2025\/03\/WhatsApp-Image-2025-03-10-at-18.23.34-300x166.jpeg 300w, https:\/\/noticiasveracruz.com\/wp-content\/uploads\/2025\/03\/WhatsApp-Image-2025-03-10-at-18.23.34-1024x568.jpeg 1024w, https:\/\/noticiasveracruz.com\/wp-content\/uploads\/2025\/03\/WhatsApp-Image-2025-03-10-at-18.23.34-768x426.jpeg 768w, https:\/\/noticiasveracruz.com\/wp-content\/uploads\/2025\/03\/WhatsApp-Image-2025-03-10-at-18.23.34-800x445.jpeg 800w, https:\/\/noticiasveracruz.com\/wp-content\/uploads\/2025\/03\/WhatsApp-Image-2025-03-10-at-18.23.34.jpeg 1064w\" sizes=\"auto, (max-width: 300px) 100vw, 300px\" \/><\/p>\n<p>A temprana hora el alcalde visit\u00f3 Monte Grande, y en compa\u00f1\u00eda de la agente municipal Mar\u00eda Leticia Cruz Rojas recorrieron las calles donde se contin\u00faa trabajando, para beneficio de todos los pobladores.<\/p>\n<p><img loading=\"lazy\" decoding=\"async\" class=\"alignnone size-medium wp-image-52017\" src=\"http:\/\/noticiasveracruz.com\/wp-content\/uploads\/2025\/03\/WhatsApp-Image-2025-03-10-at-18.23.33-300x207.jpeg\" alt=\"\" width=\"300\" height=\"207\" srcset=\"https:\/\/noticiasveracruz.com\/wp-content\/uploads\/2025\/03\/WhatsApp-Image-2025-03-10-at-18.23.33-300x207.jpeg 300w, https:\/\/noticiasveracruz.com\/wp-content\/uploads\/2025\/03\/WhatsApp-Image-2025-03-10-at-18.23.33-1024x707.jpeg 1024w, https:\/\/noticiasveracruz.com\/wp-content\/uploads\/2025\/03\/WhatsApp-Image-2025-03-10-at-18.23.33-768x530.jpeg 768w, https:\/\/noticiasveracruz.com\/wp-content\/uploads\/2025\/03\/WhatsApp-Image-2025-03-10-at-18.23.33-1536x1060.jpeg 1536w, https:\/\/noticiasveracruz.com\/wp-content\/uploads\/2025\/03\/WhatsApp-Image-2025-03-10-at-18.23.33-392x272.jpeg 392w, https:\/\/noticiasveracruz.com\/wp-content\/uploads\/2025\/03\/WhatsApp-Image-2025-03-10-at-18.23.33-130x90.jpeg 130w, https:\/\/noticiasveracruz.com\/wp-content\/uploads\/2025\/03\/WhatsApp-Image-2025-03-10-at-18.23.33.jpeg 1600w\" sizes=\"auto, (max-width: 300px) 100vw, 300px\" \/><\/p>\n<p>Posteriormente, el Dr. Fomperoza Torres viaj\u00f3 a Cruz Naranjos para reunirse con la agente municipal Laura Karen P\u00e9rez Sandoval, con quien camin\u00f3 un largo tramo de la carretera para supervisar los trabajos de asfaltado.<\/p>\n<p><img loading=\"lazy\" decoding=\"async\" class=\"alignnone size-medium wp-image-52016\" src=\"http:\/\/noticiasveracruz.com\/wp-content\/uploads\/2025\/03\/WhatsApp-Image-2025-03-10-at-18.23.33-4-300x165.jpeg\" alt=\"\" width=\"300\" height=\"165\" srcset=\"https:\/\/noticiasveracruz.com\/wp-content\/uploads\/2025\/03\/WhatsApp-Image-2025-03-10-at-18.23.33-4-300x165.jpeg 300w, https:\/\/noticiasveracruz.com\/wp-content\/uploads\/2025\/03\/WhatsApp-Image-2025-03-10-at-18.23.33-4-1024x563.jpeg 1024w, https:\/\/noticiasveracruz.com\/wp-content\/uploads\/2025\/03\/WhatsApp-Image-2025-03-10-at-18.23.33-4-768x423.jpeg 768w, https:\/\/noticiasveracruz.com\/wp-content\/uploads\/2025\/03\/WhatsApp-Image-2025-03-10-at-18.23.33-4.jpeg 1074w\" sizes=\"auto, (max-width: 300px) 100vw, 300px\" \/><\/p>\n<p>Cabe mencionar que en este recorrido tambi\u00e9n se sum\u00f3 la representaci\u00f3n de la compa\u00f1\u00eda constructora y el titular de la direcci\u00f3n de Desarrollo Social, Jes\u00fas Carballo Serrano.<\/p>\n<p><img loading=\"lazy\" decoding=\"async\" class=\"alignnone size-medium wp-image-52015\" src=\"http:\/\/noticiasveracruz.com\/wp-content\/uploads\/2025\/03\/WhatsApp-Image-2025-03-10-at-18.23.33-3-300x236.jpeg\" alt=\"\" width=\"300\" height=\"236\" srcset=\"https:\/\/noticiasveracruz.com\/wp-content\/uploads\/2025\/03\/WhatsApp-Image-2025-03-10-at-18.23.33-3-300x236.jpeg 300w, https:\/\/noticiasveracruz.com\/wp-content\/uploads\/2025\/03\/WhatsApp-Image-2025-03-10-at-18.23.33-3-1024x806.jpeg 1024w, https:\/\/noticiasveracruz.com\/wp-content\/uploads\/2025\/03\/WhatsApp-Image-2025-03-10-at-18.23.33-3-768x605.jpeg 768w, https:\/\/noticiasveracruz.com\/wp-content\/uploads\/2025\/03\/WhatsApp-Image-2025-03-10-at-18.23.33-3-1536x1210.jpeg 1536w, https:\/\/noticiasveracruz.com\/wp-content\/uploads\/2025\/03\/WhatsApp-Image-2025-03-10-at-18.23.33-3.jpeg 1600w\" sizes=\"auto, (max-width: 300px) 100vw, 300px\" \/><\/p>\n<p>M\u00e1s tarde, el presidente municipal lleg\u00f3 a la congregaci\u00f3n Juana Moza y recorri\u00f3 las calles que est\u00e1n siendo acondicionadas y otras que ya lucen totalmente mejoradas.<\/p>\n<p><img loading=\"lazy\" decoding=\"async\" class=\"alignnone size-medium wp-image-52013\" src=\"http:\/\/noticiasveracruz.com\/wp-content\/uploads\/2025\/03\/WhatsApp-Image-2025-03-10-at-18.23.33-1-300x278.jpeg\" alt=\"\" width=\"300\" height=\"278\" srcset=\"https:\/\/noticiasveracruz.com\/wp-content\/uploads\/2025\/03\/WhatsApp-Image-2025-03-10-at-18.23.33-1-300x278.jpeg 300w, https:\/\/noticiasveracruz.com\/wp-content\/uploads\/2025\/03\/WhatsApp-Image-2025-03-10-at-18.23.33-1-1024x948.jpeg 1024w, https:\/\/noticiasveracruz.com\/wp-content\/uploads\/2025\/03\/WhatsApp-Image-2025-03-10-at-18.23.33-1-768x711.jpeg 768w, https:\/\/noticiasveracruz.com\/wp-content\/uploads\/2025\/03\/WhatsApp-Image-2025-03-10-at-18.23.33-1-1536x1423.jpeg 1536w, https:\/\/noticiasveracruz.com\/wp-content\/uploads\/2025\/03\/WhatsApp-Image-2025-03-10-at-18.23.33-1.jpeg 1600w\" sizes=\"auto, (max-width: 300px) 100vw, 300px\" \/><\/p>\n<p>Tambi\u00e9n visit\u00f3 el jard\u00edn de ni\u00f1os \u201cFederico Garc\u00eda Lorca\u201d, la escuela primaria \u201cMiguel Hidalgo\u201d y la telesecundaria \u201c20 de Noviembre\u201d, a las que se les brindar\u00e1n diversos apoyos.<\/p>\n<p>Por \u00faltimo conoci\u00f3 las condiciones en que se encuentra el albergue y propuso algunas acciones para mejorarlo.<\/p>\n","protected":false},"excerpt":{"rendered":"<p>Tuxpan, Ver., 10 de marzo de 2025.- El presidente municipal Dr. Jes\u00fas Fomperoza Torres supervis\u00f3, junto con agentes municipales, los<\/p>\n","protected":false},"author":4,"featured_media":52014,"comment_status":"closed","ping_status":"closed","sticky":false,"template":"","format":"standard","meta":{"colormag_page_container_layout":"default_layout","colormag_page_sidebar_layout":"default_layout","_jetpack_memberships_contains_paid_content":false,"footnotes":"","jetpack_publicize_message":"","jetpack_publicize_feature_enabled":true,"jetpack_social_post_already_shared":true,"jetpack_social_options":{"image_generator_settings":{"template":"highway","default_image_id":0,"font":"","enabled":false},"version":2}},"categories":[3372,356],"tags":[],"class_list":["post-52012","post","type-post","status-publish","format-standard","has-post-thumbnail","hentry","category-gobierno-tuxpan","category-veracruz"],"jetpack_publicize_connections":[],"jetpack_featured_media_url":"https:\/\/noticiasveracruz.com\/wp-content\/uploads\/2025\/03\/WhatsApp-Image-2025-03-10-at-18.23.33-2.jpeg","jetpack_sharing_enabled":true,"publishpress_future_action":{"enabled":false,"date":"2026-05-08 03:27:23","action":"change-status","newStatus":"draft","terms":[],"taxonomy":"category","extraData":[]},"publishpress_future_workflow_manual_trigger":{"enabledWorkflows":[]},"_links":{"self":[{"href":"https:\/\/noticiasveracruz.com\/index.php\/wp-json\/wp\/v2\/posts\/52012","targetHints":{"allow":["GET"]}}],"collection":[{"href":"https:\/\/noticiasveracruz.com\/index.php\/wp-json\/wp\/v2\/posts"}],"about":[{"href":"https:\/\/noticiasveracruz.com\/index.php\/wp-json\/wp\/v2\/types\/post"}],"author":[{"embeddable":true,"href":"https:\/\/noticiasveracruz.com\/index.php\/wp-json\/wp\/v2\/users\/4"}],"replies":[{"embeddable":true,"href":"https:\/\/noticiasveracruz.com\/index.php\/wp-json\/wp\/v2\/comments?post=52012"}],"version-history":[{"count":0,"href":"https:\/\/noticiasveracruz.com\/index.php\/wp-json\/wp\/v2\/posts\/52012\/revisions"}],"wp:featuredmedia":[{"embeddable":true,"href":"https:\/\/noticiasveracruz.com\/index.php\/wp-json\/wp\/v2\/media\/52014"}],"wp:attachment":[{"href":"https:\/\/noticiasveracruz.com\/index.php\/wp-json\/wp\/v2\/media?parent=52012"}],"wp:term":[{"taxonomy":"category","embeddable":true,"href":"https:\/\/noticiasveracruz.com\/index.php\/wp-json\/wp\/v2\/categories?post=52012"},{"taxonomy":"post_tag","embeddable":true,"href":"https:\/\/noticiasveracruz.com\/index.php\/wp-json\/wp\/v2\/tags?post=52012"}],"curies":[{"name":"wp","href":"https:\/\/api.w.org\/{rel}","templated":true}]}}