{"id":51947,"date":"2025-03-10T00:11:54","date_gmt":"2025-03-10T06:11:54","guid":{"rendered":"https:\/\/noticiasveracruz.com\/?p=51947"},"modified":"2025-03-09T23:18:47","modified_gmt":"2025-03-10T05:18:47","slug":"sin-tarifas-90-de-productos-que-se-exportan-a-estados-unidos-ebrard","status":"publish","type":"post","link":"https:\/\/noticiasveracruz.com\/index.php\/2025\/03\/10\/sin-tarifas-90-de-productos-que-se-exportan-a-estados-unidos-ebrard\/","title":{"rendered":"Sin tarifas, 90% de productos que se exportan a Estados Unidos: Ebrard"},"content":{"rendered":"<p class=\"nota-justify\">El acuerdo alcanzado en la reciente llamada entre los presidentes Claudia Sheinbaum y Donald Trump suspende temporalmente aranceles a casi 90 por ciento de los productos que exporta M\u00e9xico a Estados Unidos bajo las normas del T-MEC, asegur\u00f3 el secretario de Econom\u00eda, Marcelo Ebrard.<\/p>\n<p class=\"nota-justify\">Explic\u00f3 que contin\u00faan las negociaciones con Estados Unidos para evitar que entren en vigor las tarifas al acero y al aluminio, previstas para el pr\u00f3ximo mi\u00e9rcoles.<\/p>\n<p class=\"nota-justify\">Para abril en adelante ya estamos trabajando con el equipo de la Oficina del Representante Comercial de EU (USTR, por sus siglas en ingl\u00e9s). La semana que entra vamos a tener reuniones para tener claro qu\u00e9 es lo que se propone y hacia d\u00f3nde vamos.<\/p>\n<p class=\"nota-justify\">La Presidenta (Sheinbaum) lleva el seguimiento diario, nos va indicando hacia d\u00f3nde tenemos que caminar y se va a ir informando\u201d.<\/p>\n<p class=\"nota-justify\">Ebrard Casaub\u00f3n recalc\u00f3: Las exportaciones de M\u00e9xico que cumplen con las disposiciones del tratado de libre comercio no van a estar sujetas a tarifas cuando menos al 2 de abril.<\/p>\n<p class=\"nota-justify\">Al precisar que bajo las normas del T-MEC se realiza m\u00e1s de la mitad de nuestro comercio, el secretario de Econom\u00eda subray\u00f3 que quien exporta a Estados Unidos desde M\u00e9xico elige si utiliza las normas del tratado comercial, con lo cual no paga tarifas o \u201clo hace como \u2018naci\u00f3n m\u00e1s favorecida\u2019, porque le sale m\u00e1s caro cumplir las normas establecidas, sobre todo las reglas de origen\u201d.<\/p>\n<p class=\"nota-justify\">El caso t\u00edpico \u201cser\u00eda un veh\u00edculo que no cumpla disposiciones de reglas de origen del tratado y que se exporta utilizando la cl\u00e1usula de \u2018naci\u00f3n m\u00e1s favorecida\u2019, con lo cual paga 2.5 por ciento\u201d.<\/p>\n<p class=\"nota-justify\">Con base en la orden ejecutiva del presidente Trump, que suspende temporalmente los aranceles, Ebrard mencion\u00f3 que el gobierno estadunidense \u201crealizar\u00e1 un diagn\u00f3stico pa\u00eds por pa\u00eds de su comercio exterior. Ese estudio se va a presentar el 2 de abril, as\u00ed como las medidas que se recomiendan.<\/p>\n<p class=\"nota-justify\">De manera que vamos por buen camino. Eso no quiere decir que estamos de acuerdo en todo, pero s\u00ed que nos podemos comunicar, argumentar y avanzar, que es la encomienda que tenemos.<\/p>\n","protected":false},"excerpt":{"rendered":"<p>El acuerdo alcanzado en la reciente llamada entre los presidentes Claudia Sheinbaum y Donald Trump suspende temporalmente aranceles a casi<\/p>\n","protected":false},"author":4,"featured_media":51948,"comment_status":"closed","ping_status":"closed","sticky":false,"template":"","format":"standard","meta":{"colormag_page_container_layout":"default_layout","colormag_page_sidebar_layout":"default_layout","_jetpack_memberships_contains_paid_content":false,"footnotes":"","jetpack_publicize_message":"","jetpack_publicize_feature_enabled":true,"jetpack_social_post_already_shared":true,"jetpack_social_options":{"image_generator_settings":{"template":"highway","default_image_id":0,"font":"","enabled":false},"version":2}},"categories":[1947],"tags":[],"class_list":["post-51947","post","type-post","status-publish","format-standard","has-post-thumbnail","hentry","category-economia"],"jetpack_publicize_connections":[],"jetpack_featured_media_url":"https:\/\/noticiasveracruz.com\/wp-content\/uploads\/2025\/03\/w1280-p16x9-2024-11-27T152519Z_1743277765_RC20LAAG2LPE_RTRMADP_3_MEXICO-USA-TARIFFS.jpg","jetpack_sharing_enabled":true,"publishpress_future_action":{"enabled":false,"date":"2026-05-08 08:44:37","action":"change-status","newStatus":"draft","terms":[],"taxonomy":"category","extraData":[]},"publishpress_future_workflow_manual_trigger":{"enabledWorkflows":[]},"_links":{"self":[{"href":"https:\/\/noticiasveracruz.com\/index.php\/wp-json\/wp\/v2\/posts\/51947","targetHints":{"allow":["GET"]}}],"collection":[{"href":"https:\/\/noticiasveracruz.com\/index.php\/wp-json\/wp\/v2\/posts"}],"about":[{"href":"https:\/\/noticiasveracruz.com\/index.php\/wp-json\/wp\/v2\/types\/post"}],"author":[{"embeddable":true,"href":"https:\/\/noticiasveracruz.com\/index.php\/wp-json\/wp\/v2\/users\/4"}],"replies":[{"embeddable":true,"href":"https:\/\/noticiasveracruz.com\/index.php\/wp-json\/wp\/v2\/comments?post=51947"}],"version-history":[{"count":0,"href":"https:\/\/noticiasveracruz.com\/index.php\/wp-json\/wp\/v2\/posts\/51947\/revisions"}],"wp:featuredmedia":[{"embeddable":true,"href":"https:\/\/noticiasveracruz.com\/index.php\/wp-json\/wp\/v2\/media\/51948"}],"wp:attachment":[{"href":"https:\/\/noticiasveracruz.com\/index.php\/wp-json\/wp\/v2\/media?parent=51947"}],"wp:term":[{"taxonomy":"category","embeddable":true,"href":"https:\/\/noticiasveracruz.com\/index.php\/wp-json\/wp\/v2\/categories?post=51947"},{"taxonomy":"post_tag","embeddable":true,"href":"https:\/\/noticiasveracruz.com\/index.php\/wp-json\/wp\/v2\/tags?post=51947"}],"curies":[{"name":"wp","href":"https:\/\/api.w.org\/{rel}","templated":true}]}}