{"id":51923,"date":"2025-03-10T00:03:38","date_gmt":"2025-03-10T06:03:38","guid":{"rendered":"https:\/\/noticiasveracruz.com\/?p=51923"},"modified":"2025-03-09T22:19:17","modified_gmt":"2025-03-10T04:19:17","slug":"reconocen-en-veracruz-la-labor-de-las-mujeres-en-la-transformacion-del-pais","status":"publish","type":"post","link":"https:\/\/noticiasveracruz.com\/index.php\/2025\/03\/10\/reconocen-en-veracruz-la-labor-de-las-mujeres-en-la-transformacion-del-pais\/","title":{"rendered":"Reconocen en Veracruz la labor de las mujeres en la transformaci\u00f3n del pa\u00eds"},"content":{"rendered":"<p>Casi mil mujeres se reunieron en Veracruz para conmemorar el D\u00eda Internacional de la Mujer en un evento que cont\u00f3 con la presencia de la diputada federal Rosa Mar\u00eda Hern\u00e1ndez Espejo, quien destac\u00f3 el papel de las mujeres en el desarrollo del pa\u00eds y entreg\u00f3 un reconocimiento a la maestra Elsa Mar\u00eda Pav\u00f3n Cauich por su trayectoria como luchadora social.<\/p>\n<p>Durante el evento, Hern\u00e1ndez Espejo resalt\u00f3 la importancia de las mujeres en los sectores productivos y en la transformaci\u00f3n de M\u00e9xico, mencionando el liderazgo de la presidenta Claudia Sheinbaum Pardo y la gobernadora de Veracruz, Roc\u00edo Nahle Garc\u00eda, como ejemplos de compromiso y capacidad para dirigir con visi\u00f3n y responsabilidad.<\/p>\n<p>Asimismo, la legisladora subray\u00f3 las reformas impulsadas desde la C\u00e1mara de Diputados para garantizar los derechos de las mujeres y su acceso a m\u00e1s oportunidades, con el objetivo de erradicar la violencia de g\u00e9nero y consolidar la igualdad sustantiva.<\/p>\n<p>En el evento se enfatiz\u00f3 la necesidad de continuar fortaleciendo pol\u00edticas p\u00fablicas en favor de las mujeres, particularmente en temas de equidad laboral, acceso a la educaci\u00f3n y seguridad. Las asistentes coincidieron en la importancia de generar espacios de participaci\u00f3n y representaci\u00f3n femenina en todos los \u00e1mbitos de la sociedad.<\/p>\n<p>El evento cont\u00f3 con la asistencia de Soraya Villacis Palacios, suplente de la diputada Hern\u00e1ndez Espejo; Ana Cristina Morales Villar, regidora de Boca del R\u00edo; Dolores Hern\u00e1ndez Sarmiento, regidora de Veracruz; y la periodista Araceli Baizabal, adem\u00e1s de un grupo de hombres que participaron en la organizaci\u00f3n del festejo. Al cierre, las participantes disfrutaron de un ambiente de sororidad acompa\u00f1ado de m\u00fasica y actividades en honor a la lucha y contribuciones de las mujeres veracruzanas.<\/p>\n","protected":false},"excerpt":{"rendered":"<p>Casi mil mujeres se reunieron en Veracruz para conmemorar el D\u00eda Internacional de la Mujer en un evento que cont\u00f3<\/p>\n","protected":false},"author":4,"featured_media":51924,"comment_status":"closed","ping_status":"closed","sticky":false,"template":"","format":"standard","meta":{"colormag_page_container_layout":"default_layout","colormag_page_sidebar_layout":"default_layout","_jetpack_memberships_contains_paid_content":false,"footnotes":"","jetpack_publicize_message":"","jetpack_publicize_feature_enabled":true,"jetpack_social_post_already_shared":true,"jetpack_social_options":{"image_generator_settings":{"template":"highway","default_image_id":0,"font":"","enabled":false},"version":2}},"categories":[356],"tags":[],"class_list":["post-51923","post","type-post","status-publish","format-standard","has-post-thumbnail","hentry","category-veracruz"],"jetpack_publicize_connections":[],"jetpack_featured_media_url":"https:\/\/noticiasveracruz.com\/wp-content\/uploads\/2025\/03\/MV.jpg","jetpack_sharing_enabled":true,"publishpress_future_action":{"enabled":false,"date":"2026-05-08 12:54:25","action":"change-status","newStatus":"draft","terms":[],"taxonomy":"category","extraData":[]},"publishpress_future_workflow_manual_trigger":{"enabledWorkflows":[]},"_links":{"self":[{"href":"https:\/\/noticiasveracruz.com\/index.php\/wp-json\/wp\/v2\/posts\/51923","targetHints":{"allow":["GET"]}}],"collection":[{"href":"https:\/\/noticiasveracruz.com\/index.php\/wp-json\/wp\/v2\/posts"}],"about":[{"href":"https:\/\/noticiasveracruz.com\/index.php\/wp-json\/wp\/v2\/types\/post"}],"author":[{"embeddable":true,"href":"https:\/\/noticiasveracruz.com\/index.php\/wp-json\/wp\/v2\/users\/4"}],"replies":[{"embeddable":true,"href":"https:\/\/noticiasveracruz.com\/index.php\/wp-json\/wp\/v2\/comments?post=51923"}],"version-history":[{"count":0,"href":"https:\/\/noticiasveracruz.com\/index.php\/wp-json\/wp\/v2\/posts\/51923\/revisions"}],"wp:featuredmedia":[{"embeddable":true,"href":"https:\/\/noticiasveracruz.com\/index.php\/wp-json\/wp\/v2\/media\/51924"}],"wp:attachment":[{"href":"https:\/\/noticiasveracruz.com\/index.php\/wp-json\/wp\/v2\/media?parent=51923"}],"wp:term":[{"taxonomy":"category","embeddable":true,"href":"https:\/\/noticiasveracruz.com\/index.php\/wp-json\/wp\/v2\/categories?post=51923"},{"taxonomy":"post_tag","embeddable":true,"href":"https:\/\/noticiasveracruz.com\/index.php\/wp-json\/wp\/v2\/tags?post=51923"}],"curies":[{"name":"wp","href":"https:\/\/api.w.org\/{rel}","templated":true}]}}