{"id":51920,"date":"2025-03-10T00:02:07","date_gmt":"2025-03-10T06:02:07","guid":{"rendered":"https:\/\/noticiasveracruz.com\/?p=51920"},"modified":"2025-03-09T22:15:56","modified_gmt":"2025-03-10T04:15:56","slug":"mas-de-4-mil-personas-celebran-los-xochitlallis","status":"publish","type":"post","link":"https:\/\/noticiasveracruz.com\/index.php\/2025\/03\/10\/mas-de-4-mil-personas-celebran-los-xochitlallis\/","title":{"rendered":"M\u00e1s de 4 mil personas celebran los Xochitlallis"},"content":{"rendered":"<p>La ceremonia de Xochitlallis reuni\u00f3 a m\u00e1s de 4 mil asistentes en uno de los rituales m\u00e1s sagrados y emotivos de la regi\u00f3n, celebrado cada a\u00f1o el primer viernes de marzo.<\/p>\n<p>Realizado en la m\u00edstica Cueva de las Golondrinas, en la localidad de El Porvenir, destac\u00f3 por la combinaci\u00f3n de rituales prehisp\u00e1nicos, expresiones art\u00edsticas y actividades recreativas.<\/p>\n<p>Organizado en conjunto con el Ayuntamiento de Zongolica, el Xochitlallis tiene como prop\u00f3sito agradecer y pedir permiso a la Madre Tierra antes de iniciar cualquier actividad, adem\u00e1s de marcar el comienzo del A\u00f1o Nuevo N\u00e1huatl.<\/p>\n<p>La secretaria de Cultura, X\u00f3chitl Molina Gonz\u00e1lez, subray\u00f3 el crecimiento del evento, que duplic\u00f3 la asistencia del a\u00f1o anterior. \u00abEste resultado demuestra que la cultura est\u00e1 en auge y que las tradiciones de las Altas Monta\u00f1as siguen floreciendo\u00bb, se\u00f1al\u00f3.<\/p>\n<p>Adem\u00e1s de la ceremonia principal, los asistentes disfrutaron de senderismo, presentaciones art\u00edsticas, talleres, un corredor artesanal y una muestra gastron\u00f3mica, proyectando a Zongolica como un punto de encuentro para el turismo cultural en Veracruz y un espacio donde las ra\u00edces y tradiciones permanecen vivas.<\/p>\n","protected":false},"excerpt":{"rendered":"<p>La ceremonia de Xochitlallis reuni\u00f3 a m\u00e1s de 4 mil asistentes en uno de los rituales m\u00e1s sagrados y emotivos<\/p>\n","protected":false},"author":4,"featured_media":51921,"comment_status":"closed","ping_status":"closed","sticky":false,"template":"","format":"standard","meta":{"colormag_page_container_layout":"default_layout","colormag_page_sidebar_layout":"default_layout","_jetpack_memberships_contains_paid_content":false,"footnotes":"","jetpack_publicize_message":"","jetpack_publicize_feature_enabled":true,"jetpack_social_post_already_shared":true,"jetpack_social_options":{"image_generator_settings":{"template":"highway","default_image_id":0,"font":"","enabled":false},"version":2}},"categories":[356],"tags":[],"class_list":["post-51920","post","type-post","status-publish","format-standard","has-post-thumbnail","hentry","category-veracruz"],"jetpack_publicize_connections":[],"jetpack_featured_media_url":"https:\/\/noticiasveracruz.com\/wp-content\/uploads\/2025\/03\/10c1.jpg","jetpack_sharing_enabled":true,"publishpress_future_action":{"enabled":false,"date":"2026-05-08 13:41:41","action":"change-status","newStatus":"draft","terms":[],"taxonomy":"category","extraData":[]},"publishpress_future_workflow_manual_trigger":{"enabledWorkflows":[]},"_links":{"self":[{"href":"https:\/\/noticiasveracruz.com\/index.php\/wp-json\/wp\/v2\/posts\/51920","targetHints":{"allow":["GET"]}}],"collection":[{"href":"https:\/\/noticiasveracruz.com\/index.php\/wp-json\/wp\/v2\/posts"}],"about":[{"href":"https:\/\/noticiasveracruz.com\/index.php\/wp-json\/wp\/v2\/types\/post"}],"author":[{"embeddable":true,"href":"https:\/\/noticiasveracruz.com\/index.php\/wp-json\/wp\/v2\/users\/4"}],"replies":[{"embeddable":true,"href":"https:\/\/noticiasveracruz.com\/index.php\/wp-json\/wp\/v2\/comments?post=51920"}],"version-history":[{"count":0,"href":"https:\/\/noticiasveracruz.com\/index.php\/wp-json\/wp\/v2\/posts\/51920\/revisions"}],"wp:featuredmedia":[{"embeddable":true,"href":"https:\/\/noticiasveracruz.com\/index.php\/wp-json\/wp\/v2\/media\/51921"}],"wp:attachment":[{"href":"https:\/\/noticiasveracruz.com\/index.php\/wp-json\/wp\/v2\/media?parent=51920"}],"wp:term":[{"taxonomy":"category","embeddable":true,"href":"https:\/\/noticiasveracruz.com\/index.php\/wp-json\/wp\/v2\/categories?post=51920"},{"taxonomy":"post_tag","embeddable":true,"href":"https:\/\/noticiasveracruz.com\/index.php\/wp-json\/wp\/v2\/tags?post=51920"}],"curies":[{"name":"wp","href":"https:\/\/api.w.org\/{rel}","templated":true}]}}