{"id":51874,"date":"2025-03-08T00:17:04","date_gmt":"2025-03-08T06:17:04","guid":{"rendered":"https:\/\/noticiasveracruz.com\/?p=51874"},"modified":"2025-03-07T22:07:06","modified_gmt":"2025-03-08T04:07:06","slug":"panama-concedera-permiso-humanitario-de-hasta-90-dias-a-migrantes","status":"publish","type":"post","link":"https:\/\/noticiasveracruz.com\/index.php\/2025\/03\/08\/panama-concedera-permiso-humanitario-de-hasta-90-dias-a-migrantes\/","title":{"rendered":"Panam\u00e1 conceder\u00e1 permiso humanitario de hasta 90 d\u00edas a migrantes"},"content":{"rendered":"<p class=\"nota-justify\">El gobierno de Panam\u00e1 conceder\u00e1 un permiso humanitario de hasta 90 d\u00edas a migrantes que por razones seguridad no quieren volver a sus pa\u00edses, el cual contempla especialmente a decenas de migrantes deportados recientemente desde Estados Unidos y enviados a un campamento cerca de la selva del Dari\u00e9n, la mayor\u00eda asi\u00e1ticos, anunci\u00f3 este viernes el ministro de Seguridad, Frank \u00c1brego.<\/p>\n<p class=\"nota-justify\">\u201cEl compromiso es el retorno voluntario bajo su propio recurso a su pa\u00eds de origen o a un tercer pa\u00eds que los quiera recibir\u201d, se\u00f1al\u00f3 \u00c1brego, en conferencia de prensa, al tiempo de a\u00f1adir que \u201csi en 90 d\u00edas ellos no han abandonado el pa\u00eds ser\u00e1n expulsados o deportados\u201d.<\/p>\n<p class=\"nota-justify\">A quienes no aceptaron esas condiciones, los trasladaron en autobuses al albergue de San Vicente (de las que distintas oeneg\u00e9s\u00a0denunciaron\u00a0las condiciones en las que se encuentran encerrados), en el Dari\u00e9n, a la espera de una soluci\u00f3n, sin que puedan salir de ese refugio. \u201cEllos prefieren pagarse su propio pasaje y hacer sus propias coordinaciones hacia los pa\u00edses que ellos consideran les puedan prestar el apoyo\u201d, afirm\u00f3.<\/p>\n<p class=\"nota-justify\">El ministro paname\u00f1o tambi\u00e9n explic\u00f3 que la medida aplicar\u00eda a 112 de los 299 migrantes recibidos en tres vuelos desde territorio\u00a0estadunidense\u00a0tras el reforzamiento de las medidas migratorias desde que Donald Trump lleg\u00f3 a la Casa Blanca en enero.<\/p>\n<p class=\"nota-justify\">Seg\u00fan el titular de la cartera, los beneficiarios del permiso son 24 migrantes de Ir\u00e1n, 21 de Camer\u00fan, 12 de China, 10 de Nepal, nueve de Afganist\u00e1n, siete de Vietnam, seis de Etiop\u00eda, seis de Uzbekist\u00e1n, cinco de Nigeria, dos de Eritrea, dos de Pakist\u00e1n, dos de Somalia, dos de Ghana, dos de Rusia, uno de Angola y uno de Sri Lanka.<\/p>\n<p class=\"nota-justify\">M\u00e1s tarde, avis\u00f3 que cerrar\u00e1 \u201clos albergues de Bajo Chiquito y Lajas Blancas, en Dari\u00e9n, luego de haber cumplido su funci\u00f3n de asistencia humanitaria en el flujo migratorio sur &#8211; norte del continente\u201d.<\/p>\n<p class=\"nota-justify\">En un pueblito del Caribe paname\u00f1o, el venezolano Luis Montilla aguarda para pagar una lancha en su camino de regreso tras no lograr entrar a Estados Unidos: prefiri\u00f3 dormir en la playa a estar encerrado en albergues de migrantes porque, expuso, \u201cno somos animales\u201d, declar\u00f3 a la agencia informativa Afp.<\/p>\n<p class=\"nota-justify\">Montilla, de 28 a\u00f1os, y otro medio centenar de venezolanos est\u00e1n varados en la localidad costera de Miramar, en la provincia paname\u00f1a de Col\u00f3n, mientras familiares les env\u00edan los 260 d\u00f3lares que cobra a cada uno el lanchero por llevarlos a la frontera con Colombia para luego seguir rumbo a su pa\u00eds u otro destino.<\/p>\n<p class=\"nota-justify\">Cruzaron M\u00e9xico y Centroam\u00e9rica a pie y en autob\u00fas debido a que Trump endureci\u00f3 la pol\u00edtica migratoria a Estados Unidos, asimismo, elimin\u00f3 la aplicaci\u00f3n CBP One con la que ped\u00edan cita para solicitar asilo.<\/p>\n<p class=\"nota-justify\">Ni Montilla ni los otros quisieron acogerse al plan que\u00a0anunci\u00f3\u00a0esta semana por Costa Rica y Panam\u00e1, que env\u00edan a los migrantes, en buses que ellos deben pagar, a refugios en remotas zonas fronterizas. La mayor\u00eda de venezolanos se devolvi\u00f3 de M\u00e9xico. En su trayecto, Montilla durmi\u00f3 en la calle sobre cartones. Tambi\u00e9n come de la caridad.<\/p>\n<p class=\"nota-justify\">Frustrada su aventura hacia el norte, Montilla expres\u00f3, mientras espera el d\u00eda para zarpar, que solo quieren \u201cayuda para avanzar\u201d, esta vez rumbo al sur.<\/p>\n","protected":false},"excerpt":{"rendered":"<p>El gobierno de Panam\u00e1 conceder\u00e1 un permiso humanitario de hasta 90 d\u00edas a migrantes que por razones seguridad no quieren<\/p>\n","protected":false},"author":4,"featured_media":51875,"comment_status":"closed","ping_status":"closed","sticky":false,"template":"","format":"standard","meta":{"colormag_page_container_layout":"default_layout","colormag_page_sidebar_layout":"default_layout","_jetpack_memberships_contains_paid_content":false,"footnotes":"","jetpack_publicize_message":"","jetpack_publicize_feature_enabled":true,"jetpack_social_post_already_shared":true,"jetpack_social_options":{"image_generator_settings":{"template":"highway","default_image_id":0,"font":"","enabled":false},"version":2}},"categories":[355],"tags":[],"class_list":["post-51874","post","type-post","status-publish","format-standard","has-post-thumbnail","hentry","category-internacional"],"jetpack_publicize_connections":[],"jetpack_featured_media_url":"https:\/\/noticiasveracruz.com\/wp-content\/uploads\/2025\/03\/PAN.jpg","jetpack_sharing_enabled":true,"publishpress_future_action":{"enabled":false,"date":"2026-05-08 11:20:53","action":"change-status","newStatus":"draft","terms":[],"taxonomy":"category","extraData":[]},"publishpress_future_workflow_manual_trigger":{"enabledWorkflows":[]},"_links":{"self":[{"href":"https:\/\/noticiasveracruz.com\/index.php\/wp-json\/wp\/v2\/posts\/51874","targetHints":{"allow":["GET"]}}],"collection":[{"href":"https:\/\/noticiasveracruz.com\/index.php\/wp-json\/wp\/v2\/posts"}],"about":[{"href":"https:\/\/noticiasveracruz.com\/index.php\/wp-json\/wp\/v2\/types\/post"}],"author":[{"embeddable":true,"href":"https:\/\/noticiasveracruz.com\/index.php\/wp-json\/wp\/v2\/users\/4"}],"replies":[{"embeddable":true,"href":"https:\/\/noticiasveracruz.com\/index.php\/wp-json\/wp\/v2\/comments?post=51874"}],"version-history":[{"count":0,"href":"https:\/\/noticiasveracruz.com\/index.php\/wp-json\/wp\/v2\/posts\/51874\/revisions"}],"wp:featuredmedia":[{"embeddable":true,"href":"https:\/\/noticiasveracruz.com\/index.php\/wp-json\/wp\/v2\/media\/51875"}],"wp:attachment":[{"href":"https:\/\/noticiasveracruz.com\/index.php\/wp-json\/wp\/v2\/media?parent=51874"}],"wp:term":[{"taxonomy":"category","embeddable":true,"href":"https:\/\/noticiasveracruz.com\/index.php\/wp-json\/wp\/v2\/categories?post=51874"},{"taxonomy":"post_tag","embeddable":true,"href":"https:\/\/noticiasveracruz.com\/index.php\/wp-json\/wp\/v2\/tags?post=51874"}],"curies":[{"name":"wp","href":"https:\/\/api.w.org\/{rel}","templated":true}]}}