{"id":51868,"date":"2025-03-08T00:15:01","date_gmt":"2025-03-08T06:15:01","guid":{"rendered":"https:\/\/noticiasveracruz.com\/?p=51868"},"modified":"2025-03-07T22:01:47","modified_gmt":"2025-03-08T04:01:47","slug":"protestan-docentes-en-varios-estados-contra-reforma-a-ley-del-issste","status":"publish","type":"post","link":"https:\/\/noticiasveracruz.com\/index.php\/2025\/03\/08\/protestan-docentes-en-varios-estados-contra-reforma-a-ley-del-issste\/","title":{"rendered":"Protestan docentes en varios estados contra reforma a ley del Issste"},"content":{"rendered":"<p class=\"nota-justify\">Integrantes de la Coordinadora Nacional de Trabajadores de la Educaci\u00f3n (CNTE) realizaron esta ma\u00f1ana un plant\u00f3n frente a las oficinas del Issste de Morelia para protestar en contra de la reforma de ley de esta instituci\u00f3n, incluso desde este jueves emprendieron un paro de 48 horas.<\/p>\n<p class=\"nota-justify\">El grupo magisterial encabezado por Jairo Antonio Mandujano organiz\u00f3 durante la protesta un foro estatal donde se presentar\u00e1n ponencias sobre las afectaciones derivadas de consumarse esta reforma. No obstante, que la presidenta Claudia Sheinbaum aclar\u00f3 que esta iniciativa est\u00e1 suspendida.<\/p>\n<p class=\"nota-justify\">Este jueves la manifestaci\u00f3n de la CNTE en el Congreso del Estado incluy\u00f3 un bloqueo sobre la avenida Madero frente al recinto legislativo, y una reuni\u00f3n con diputados a quienes entregaron su pliego de demandas y en la que acordaron la conformaci\u00f3n de una comisi\u00f3n para revisar los temas m\u00e1s sentidos del magisterio.<\/p>\n<p class=\"nota-justify\">Cabe se\u00f1alar que autoridades de la Secretar\u00eda de Educaci\u00f3n aseguraron que el paro de labores del magisterio apenas se afect\u00f3 poco m\u00e1s del 10 por ciento de las escuelas p\u00fabicas. Otra corriente de la CNTE denominada Poder de Base tom\u00f3 este jueves alcald\u00edas y tesorer\u00edas municipales, adem\u00e1s de sumarse al paro de labores.<\/p>\n","protected":false},"excerpt":{"rendered":"<p>Integrantes de la Coordinadora Nacional de Trabajadores de la Educaci\u00f3n (CNTE) realizaron esta ma\u00f1ana un plant\u00f3n frente a las oficinas<\/p>\n","protected":false},"author":4,"featured_media":51869,"comment_status":"closed","ping_status":"closed","sticky":false,"template":"","format":"standard","meta":{"colormag_page_container_layout":"default_layout","colormag_page_sidebar_layout":"default_layout","_jetpack_memberships_contains_paid_content":false,"footnotes":"","jetpack_publicize_message":"","jetpack_publicize_feature_enabled":true,"jetpack_social_post_already_shared":true,"jetpack_social_options":{"image_generator_settings":{"template":"highway","default_image_id":0,"font":"","enabled":false},"version":2}},"categories":[145],"tags":[],"class_list":["post-51868","post","type-post","status-publish","format-standard","has-post-thumbnail","hentry","category-estados"],"jetpack_publicize_connections":[],"jetpack_featured_media_url":"https:\/\/noticiasveracruz.com\/wp-content\/uploads\/2025\/03\/ISS.jpg","jetpack_sharing_enabled":true,"publishpress_future_action":{"enabled":false,"date":"2026-05-08 10:26:11","action":"change-status","newStatus":"draft","terms":[],"taxonomy":"category","extraData":[]},"publishpress_future_workflow_manual_trigger":{"enabledWorkflows":[]},"_links":{"self":[{"href":"https:\/\/noticiasveracruz.com\/index.php\/wp-json\/wp\/v2\/posts\/51868","targetHints":{"allow":["GET"]}}],"collection":[{"href":"https:\/\/noticiasveracruz.com\/index.php\/wp-json\/wp\/v2\/posts"}],"about":[{"href":"https:\/\/noticiasveracruz.com\/index.php\/wp-json\/wp\/v2\/types\/post"}],"author":[{"embeddable":true,"href":"https:\/\/noticiasveracruz.com\/index.php\/wp-json\/wp\/v2\/users\/4"}],"replies":[{"embeddable":true,"href":"https:\/\/noticiasveracruz.com\/index.php\/wp-json\/wp\/v2\/comments?post=51868"}],"version-history":[{"count":0,"href":"https:\/\/noticiasveracruz.com\/index.php\/wp-json\/wp\/v2\/posts\/51868\/revisions"}],"wp:featuredmedia":[{"embeddable":true,"href":"https:\/\/noticiasveracruz.com\/index.php\/wp-json\/wp\/v2\/media\/51869"}],"wp:attachment":[{"href":"https:\/\/noticiasveracruz.com\/index.php\/wp-json\/wp\/v2\/media?parent=51868"}],"wp:term":[{"taxonomy":"category","embeddable":true,"href":"https:\/\/noticiasveracruz.com\/index.php\/wp-json\/wp\/v2\/categories?post=51868"},{"taxonomy":"post_tag","embeddable":true,"href":"https:\/\/noticiasveracruz.com\/index.php\/wp-json\/wp\/v2\/tags?post=51868"}],"curies":[{"name":"wp","href":"https:\/\/api.w.org\/{rel}","templated":true}]}}