{"id":51842,"date":"2025-03-08T00:07:21","date_gmt":"2025-03-08T06:07:21","guid":{"rendered":"https:\/\/noticiasveracruz.com\/?p=51842"},"modified":"2025-03-07T21:37:41","modified_gmt":"2025-03-08T03:37:41","slug":"continua-desafuero-de-el-cuau-en-san-lazaro","status":"publish","type":"post","link":"https:\/\/noticiasveracruz.com\/index.php\/2025\/03\/08\/continua-desafuero-de-el-cuau-en-san-lazaro\/","title":{"rendered":"Contin\u00faa desafuero de El Cuau en San L\u00e1zaro"},"content":{"rendered":"<p class=\"nota-justify\">Diputados panistas afirmaron que la Secci\u00f3n Instructora (SI) de la C\u00e1mara de Diputados aplaz\u00f3 ayer la admisi\u00f3n a estudio de la solicitud de desafuero contra el diputado morenista Cuauht\u00e9moc Blanco, acusado de violaci\u00f3n en grado de tentativa en contra de su media hermana, lo cual significar\u00eda una dilaci\u00f3n y promoci\u00f3n de la impunidad.<\/p>\n<p class=\"nota-justify\">Sin embargo, la presidencia del \u00f3rgano legislativo rechaz\u00f3 esa versi\u00f3n y afirm\u00f3 que los procedimientos legales del caso continuaron, sin que ninguno de sus integrantes rechazara el tr\u00e1mite.<\/p>\n<p class=\"nota-justify\">Al t\u00e9rmino de la sesi\u00f3n de ayer de la SI, fuentes del\u00a0<i>blanquiazul\u00a0<\/i>indicaron que hab\u00edan pedido admitir el expediente para su an\u00e1lisis, pero dicha propuesta fue derrotada por 3 a 1, y aunque dijeron no culpar a nadie, indicaron que tampoco buscan impunidades, y menos frente a una mujer, de cara al 8M.<\/p>\n<p class=\"nota-justify\">Adem\u00e1s de un diputado del PAN, la SI est\u00e1 conformada por el morenista Hugo \u00c9ric Flores Cervantes (quien es presidente de dicha instancia), Adriana Belinda Quiroz Gallegos (tambi\u00e9n de Morena) y Ra\u00fal Bola\u00f1os Cacho (del PVEM).<\/p>\n<p class=\"nota-justify\">Los panistas recalcaron que la votaci\u00f3n de ayer en la SI no significa de ninguna manera que el caso de Blanco se cierre, y enfatizaron: \u00bfQuieren o no quieren entrarle a revisar el expediente? Que se aclaren ya en Morena, porque est\u00e1n promoviendo la impunidad en contra de una mujer que se dice agredida y a quien, de entrada, ellos le creen, porque esa es la primera regla del feminismo.<\/p>\n<p class=\"nota-justify\">Horas m\u00e1s tarde, la presidencia de la SI neg\u00f3 que esa instancia hubiera rechazado la admisi\u00f3n de la petici\u00f3n de desafuero del ex gobernador de Morelos. En un comunicado, Flores Cervantes enfatiz\u00f3 que por primera vez se hizo del conocimiento de los miembros de la instructora la solicitud de declaraci\u00f3n de procedencia, formulada por la fiscal\u00eda de Morelos.<\/p>\n<p class=\"nota-justify\">Seg\u00fan Flores, la petici\u00f3n qued\u00f3 sujeta al estudio y an\u00e1lisis de la SI para continuar con los procedimientos legales, sin que exista por parte de sus integrantes rechazo alguno en su tr\u00e1mite.<\/p>\n<p class=\"nota-justify\">Antes de que iniciara la sesi\u00f3n de la SI, Flores Cervantes neg\u00f3 que hubiera alg\u00fan tipo de bloqueo o apoyo a favor del ex futbolista. No he recibido ninguna instrucci\u00f3n al respecto. Estamos haciendo las cosas conforme a derecho y con todos los procesos legales correctos. Entonces, no hay tal bloqueo.<\/p>\n<p class=\"nota-justify\">Flores Cervantes indic\u00f3, adem\u00e1s, que los expedientes con la petici\u00f3n de desafuero del dirigente nacional del PRI, Alejandro Moreno, tambi\u00e9n est\u00e1n ya en la SI, aunque hab\u00edan sido entregados originalmente en la Comisi\u00f3n Jurisdiccional, organismo que tambi\u00e9n preside el morenista, pero que se encarga de desahogar juicios pol\u00edticos.<\/p>\n<p class=\"nota-justify\">Diputados del PAN indicaron que el senador pri\u00edsta tiene un amparo en su favor desde la Legislatura pasada, lo que impide a la SI comenzar el an\u00e1lisis de la petici\u00f3n de desafuero, presentada por la fiscal\u00eda de Campeche en agosto de 2022.<\/p>\n","protected":false},"excerpt":{"rendered":"<p>Diputados panistas afirmaron que la Secci\u00f3n Instructora (SI) de la C\u00e1mara de Diputados aplaz\u00f3 ayer la admisi\u00f3n a estudio de<\/p>\n","protected":false},"author":4,"featured_media":51843,"comment_status":"closed","ping_status":"closed","sticky":false,"template":"","format":"standard","meta":{"colormag_page_container_layout":"default_layout","colormag_page_sidebar_layout":"default_layout","_jetpack_memberships_contains_paid_content":false,"footnotes":"","jetpack_publicize_message":"","jetpack_publicize_feature_enabled":true,"jetpack_social_post_already_shared":true,"jetpack_social_options":{"image_generator_settings":{"template":"highway","default_image_id":0,"font":"","enabled":false},"version":2}},"categories":[4],"tags":[],"class_list":["post-51842","post","type-post","status-publish","format-standard","has-post-thumbnail","hentry","category-nacional"],"jetpack_publicize_connections":[],"jetpack_featured_media_url":"https:\/\/noticiasveracruz.com\/wp-content\/uploads\/2025\/03\/C.jpg","jetpack_sharing_enabled":true,"publishpress_future_action":{"enabled":false,"date":"2026-05-08 09:28:39","action":"change-status","newStatus":"draft","terms":[],"taxonomy":"category","extraData":[]},"publishpress_future_workflow_manual_trigger":{"enabledWorkflows":[]},"_links":{"self":[{"href":"https:\/\/noticiasveracruz.com\/index.php\/wp-json\/wp\/v2\/posts\/51842","targetHints":{"allow":["GET"]}}],"collection":[{"href":"https:\/\/noticiasveracruz.com\/index.php\/wp-json\/wp\/v2\/posts"}],"about":[{"href":"https:\/\/noticiasveracruz.com\/index.php\/wp-json\/wp\/v2\/types\/post"}],"author":[{"embeddable":true,"href":"https:\/\/noticiasveracruz.com\/index.php\/wp-json\/wp\/v2\/users\/4"}],"replies":[{"embeddable":true,"href":"https:\/\/noticiasveracruz.com\/index.php\/wp-json\/wp\/v2\/comments?post=51842"}],"version-history":[{"count":0,"href":"https:\/\/noticiasveracruz.com\/index.php\/wp-json\/wp\/v2\/posts\/51842\/revisions"}],"wp:featuredmedia":[{"embeddable":true,"href":"https:\/\/noticiasveracruz.com\/index.php\/wp-json\/wp\/v2\/media\/51843"}],"wp:attachment":[{"href":"https:\/\/noticiasveracruz.com\/index.php\/wp-json\/wp\/v2\/media?parent=51842"}],"wp:term":[{"taxonomy":"category","embeddable":true,"href":"https:\/\/noticiasveracruz.com\/index.php\/wp-json\/wp\/v2\/categories?post=51842"},{"taxonomy":"post_tag","embeddable":true,"href":"https:\/\/noticiasveracruz.com\/index.php\/wp-json\/wp\/v2\/tags?post=51842"}],"curies":[{"name":"wp","href":"https:\/\/api.w.org\/{rel}","templated":true}]}}