{"id":51839,"date":"2025-03-08T00:06:27","date_gmt":"2025-03-08T06:06:27","guid":{"rendered":"https:\/\/noticiasveracruz.com\/?p=51839"},"modified":"2025-03-07T21:34:34","modified_gmt":"2025-03-08T03:34:34","slug":"la-presidenta-es-la-jefa-de-estado-mas-respetada-del-mundo-de-la-fuente","status":"publish","type":"post","link":"https:\/\/noticiasveracruz.com\/index.php\/2025\/03\/08\/la-presidenta-es-la-jefa-de-estado-mas-respetada-del-mundo-de-la-fuente\/","title":{"rendered":"La Presidenta es la jefa de Estado m\u00e1s respetada del mundo: De la Fuente"},"content":{"rendered":"<p>Gracias a \u201csu firmeza y su enorme liderazgo\u201d, la presidenta Claudia Sheinbaum se ha convertido por la v\u00eda de los hechos en la jefa de Estado m\u00e1s respetada en este momento en el mundo\u201d, dijo el canciller Juan Ram\u00f3n de la Fuente, a tono con el ambiente que prepara una movilizaci\u00f3n dominical frente a las amenazas arancelarias.<\/p>\n<p>De la Fuente fue el anfitri\u00f3n en un acto interinstitucional para dar seguimiento a un instrumento internacional que obliga a los pa\u00edses a avanzar en sus legislaciones e instituciones para promover los derechos de las ni\u00f1as y mujeres ind\u00edgenas.<\/p>\n<p>El propio canciller, as\u00ed como Citlalli Hern\u00e1ndez, titular de la flamante Secretar\u00eda de las Mujeres, y Adelfo Regino, quien repite este sexenio al frente del Instituto Nacional de los Pueblos Ind\u00edgenas, ofrecieron mensajes en un acto formalmente convocado para \u201cdar seguimiento\u201d a la Recomendaci\u00f3n General 39 de la CEDAW (siglas que identifican a la Convenci\u00f3n sobre la Eliminaci\u00f3n de Todas las Formas de Discriminaci\u00f3n contra la Mujer).<\/p>\n<p>Previo a los discursos, los funcionarios participaron en una ceremonia de \u201climpia\u201d, alzaron los brazos hacia los cuatro puntos cardinales e incluso participaron de un breve baile alrededor de una ofrenda.<\/p>\n<p>\u201cNos han criticado mucho por esto, pero nuestros pueblos son sabios\u2026 si traemos algo negativo, esto nos va a recargar de mucha energ\u00eda\u201d, adelant\u00f3 Ernestina Ortiz, dirigente otom\u00ed, que condujo una ceremonia en la que se pidi\u00f3 por las mujeres que est\u00e1n separadas de sus hijos, por los migrantes y por la presidenta Sheinbaum.<\/p>\n<p>\u201cTe pedimos que le des toda la sabidur\u00eda para tomar decisiones, iluminada por la fuerza de todas nuestras ancestras\u201d, dijo una representante de la comunidad afromexicana.<\/p>\n<p>\u00daltimo en hacer uso de la palaba, De la Fuente elogi\u00f3 las ideas y planteamientos de la secretaria Hern\u00e1ndez (\u201calgunos muy provocadores\u201d), y particularmente la reci\u00e9n presentada Cartilla de los Derechos de las Mujeres: es un \u201clogro fant\u00e1stico que nos va a permitir seguir diciendo al mundo que en M\u00e9xico esto no solo son principios y convicciones, son tambi\u00e9n acciones que van plasm\u00e1ndose en hechos concretos\u201d.<\/p>\n<p>Y como \u201cel buen juez por su casa empieza\u201d, el canciller dijo que hoy se public\u00f3 en el Diario Oficial de la Federaci\u00f3n la convocatoria para la siguiente generaci\u00f3n del Servicio Exterior Mexicano: por cada plaza que se abra para un hombre, expuso, se abrir\u00e1n dos para mujeres.<\/p>\n<p>El canciller dijo que el conjunto de acciones del gobierno \u201cva mucho m\u00e1s all\u00e1 de una narrativa y embona muy bien en la recomendaci\u00f3n general 39 de la CEDAW. Estamos en la l\u00ednea correcta y adem\u00e1s en muchos aspectos liderando el proceso no solamente internamente sino tambi\u00e9n en el \u00e1mbito internacional\u201d.<\/p>\n<p>De la Fuente agreg\u00f3 que tambi\u00e9n se impulsar\u00e1n acciones en torno a \u201clas nuevas masculinidades que deben acompa\u00f1ar todos estos procesos, para que quede claramente definida cu\u00e1l es la responsabilidad y el papel que asumimos en la pr\u00e1ctica los hombres para hacer realidad la equidad de g\u00e9nero\u201d.<\/p>\n<p>Adelfo Regino pronunci\u00f3 algunas frases en su lengua (mixe): \u201cFue para agradecer la presencia de mujeres ind\u00edgenas en el Encuentro y destacar el importante papel que juegan en la vida comunitaria, sobre todo como transmisoras de la lengua y la cultura\u2026 y su destacada labor como autoridades\u201d, dijo despu\u00e9s a este diario.<\/p>\n<p>Regino inform\u00f3 que las representantes ind\u00edgenas y afromexicanas se reunir\u00e1n este s\u00e1bado, en Palacio Nacional, con la presidente Sheinbaum.<\/p>\n","protected":false},"excerpt":{"rendered":"<p>Gracias a \u201csu firmeza y su enorme liderazgo\u201d, la presidenta Claudia Sheinbaum se ha convertido por la v\u00eda de los<\/p>\n","protected":false},"author":4,"featured_media":51840,"comment_status":"closed","ping_status":"closed","sticky":false,"template":"","format":"standard","meta":{"colormag_page_container_layout":"default_layout","colormag_page_sidebar_layout":"default_layout","_jetpack_memberships_contains_paid_content":false,"footnotes":"","jetpack_publicize_message":"","jetpack_publicize_feature_enabled":true,"jetpack_social_post_already_shared":true,"jetpack_social_options":{"image_generator_settings":{"template":"highway","default_image_id":0,"font":"","enabled":false},"version":2}},"categories":[4],"tags":[],"class_list":["post-51839","post","type-post","status-publish","format-standard","has-post-thumbnail","hentry","category-nacional"],"jetpack_publicize_connections":[],"jetpack_featured_media_url":"https:\/\/noticiasveracruz.com\/wp-content\/uploads\/2025\/03\/P-2.jpg","jetpack_sharing_enabled":true,"publishpress_future_action":{"enabled":false,"date":"2026-05-08 10:17:56","action":"change-status","newStatus":"draft","terms":[],"taxonomy":"category","extraData":[]},"publishpress_future_workflow_manual_trigger":{"enabledWorkflows":[]},"_links":{"self":[{"href":"https:\/\/noticiasveracruz.com\/index.php\/wp-json\/wp\/v2\/posts\/51839","targetHints":{"allow":["GET"]}}],"collection":[{"href":"https:\/\/noticiasveracruz.com\/index.php\/wp-json\/wp\/v2\/posts"}],"about":[{"href":"https:\/\/noticiasveracruz.com\/index.php\/wp-json\/wp\/v2\/types\/post"}],"author":[{"embeddable":true,"href":"https:\/\/noticiasveracruz.com\/index.php\/wp-json\/wp\/v2\/users\/4"}],"replies":[{"embeddable":true,"href":"https:\/\/noticiasveracruz.com\/index.php\/wp-json\/wp\/v2\/comments?post=51839"}],"version-history":[{"count":0,"href":"https:\/\/noticiasveracruz.com\/index.php\/wp-json\/wp\/v2\/posts\/51839\/revisions"}],"wp:featuredmedia":[{"embeddable":true,"href":"https:\/\/noticiasveracruz.com\/index.php\/wp-json\/wp\/v2\/media\/51840"}],"wp:attachment":[{"href":"https:\/\/noticiasveracruz.com\/index.php\/wp-json\/wp\/v2\/media?parent=51839"}],"wp:term":[{"taxonomy":"category","embeddable":true,"href":"https:\/\/noticiasveracruz.com\/index.php\/wp-json\/wp\/v2\/categories?post=51839"},{"taxonomy":"post_tag","embeddable":true,"href":"https:\/\/noticiasveracruz.com\/index.php\/wp-json\/wp\/v2\/tags?post=51839"}],"curies":[{"name":"wp","href":"https:\/\/api.w.org\/{rel}","templated":true}]}}