{"id":51836,"date":"2025-03-08T00:05:47","date_gmt":"2025-03-08T06:05:47","guid":{"rendered":"https:\/\/noticiasveracruz.com\/?p=51836"},"modified":"2025-03-07T21:32:08","modified_gmt":"2025-03-08T03:32:08","slug":"permite-reforma-judicial-contienda-paritaria-resalta-magistrada-soto","status":"publish","type":"post","link":"https:\/\/noticiasveracruz.com\/index.php\/2025\/03\/08\/permite-reforma-judicial-contienda-paritaria-resalta-magistrada-soto\/","title":{"rendered":"Permite reforma judicial contienda paritaria, resalta magistrada Soto"},"content":{"rendered":"<p class=\"nota-justify\">La magistrada presidenta del Tribunal Electoral del Poder Judicial de la Federaci\u00f3n (TEPJF), M\u00f3nica Soto, pidi\u00f3 a las mujeres no descuidar los cargos, a fin de seguir en el avance del liderazgo de g\u00e9nero y evitar retrocesos en la funci\u00f3n p\u00fablica.<\/p>\n<p class=\"nota-justify\">Lament\u00f3 que las C\u00e1maras del Congreso de la Uni\u00f3n no sean actualmente presididas por mujeres y, en ese sentido, se\u00f1al\u00f3: \u201cs\u00ed, s\u00ed se pueden dar pasos atr\u00e1s y cuando nos distraemos o nos dejamos distraer es que llega el momento en donde nos pueden meter goles\u201d.<\/p>\n<p class=\"nota-justify\">En la conmemoraci\u00f3n del D\u00eda Internacional de las Mujeres, la magistrada dijo tambi\u00e9n que la reforma judicial dio a M\u00e9xico la oportunidad de tener una primera contienda en esta materia paritaria, a fin de atajar la desigualdad en los \u00f3rganos de impartici\u00f3n de justicia, rezago mucho mayor que en el Poder Legislativo, mientras que en el Ejecutivo gobierna ya la primera presidenta.<\/p>\n<p class=\"nota-justify\">\u201cEstamos viviendo una realidad constitucional novedosa en lo que es la elecci\u00f3n para personas juzgadoras&#8230;derivada de una reforma que dio a M\u00e9xico laoportunidad de que una primera elecci\u00f3n nazca paritaria\u201d, se\u00f1al\u00f3.<\/p>\n<p class=\"nota-justify\">En ese contexto Soto exigi\u00f3 que no se regate\u00e9 ning\u00fan logro a las mujeres. \u201cTenemos que ser fuertes y congruentes en respetarnos y reconocernos\u201d.<\/p>\n<p class=\"nota-justify\">Fuente a integrantes del Poder Judicial, legisladoras y dirigentes de distintos \u00e1mbitos dio inicio a los actos \u201c8M Celebrando la paridad\u201d; frente a este auditorio se\u00f1al\u00f3 que M\u00e9xico puede dar \u201cbuenas cuentas\u201d en la lucha por la igualdad y el empoderamiento.<\/p>\n<p class=\"nota-justify\">\u201cCuando dec\u00edan que M\u00e9xico no estaba preparado para que una mujer gobernara, hoy nos gobiernan mujeres en todos los niveles, en todos los poderes, en el \u00e1mbito municipal, que nos faltan m\u00e1s, y en el estatal.<\/p>\n<p class=\"nota-justify\">Sin embargo, tambi\u00e9n clam\u00f3 por unidad porque se trata de un trabajo de todas, m\u00e1s all\u00e1 de ideolog\u00edas pol\u00edticas o de cualquier otra \u00edndole.<\/p>\n<p class=\"nota-justify\">M\u00e1s adelante lament\u00f3 que hace un a\u00f1o todav\u00eda no hab\u00eda una presidenta de la naci\u00f3n, pero s\u00ed mujeres dirigiendo ambas c\u00e1maras del Congreso de la Uni\u00f3n, situaci\u00f3n que no ocurre actualmente.<\/p>\n<p class=\"nota-justify\">Es ah\u00ed, agreg\u00f3 Soto, donde no se pueden dar pasos atr\u00e1s. \u201cNo m\u00e1s sombras, no m\u00e1s ausencias, no m\u00e1s silencio. El tiempo de las mujeres es ahora y no tiene marcha atr\u00e1s\u201d, expres\u00f3.<\/p>\n","protected":false},"excerpt":{"rendered":"<p>La magistrada presidenta del Tribunal Electoral del Poder Judicial de la Federaci\u00f3n (TEPJF), M\u00f3nica Soto, pidi\u00f3 a las mujeres no<\/p>\n","protected":false},"author":4,"featured_media":51837,"comment_status":"closed","ping_status":"closed","sticky":false,"template":"","format":"standard","meta":{"colormag_page_container_layout":"default_layout","colormag_page_sidebar_layout":"default_layout","_jetpack_memberships_contains_paid_content":false,"footnotes":"","jetpack_publicize_message":"","jetpack_publicize_feature_enabled":true,"jetpack_social_post_already_shared":true,"jetpack_social_options":{"image_generator_settings":{"template":"highway","default_image_id":0,"font":"","enabled":false},"version":2}},"categories":[4],"tags":[],"class_list":["post-51836","post","type-post","status-publish","format-standard","has-post-thumbnail","hentry","category-nacional"],"jetpack_publicize_connections":[],"jetpack_featured_media_url":"https:\/\/noticiasveracruz.com\/wp-content\/uploads\/2025\/03\/DFF.jpg","jetpack_sharing_enabled":true,"publishpress_future_action":{"enabled":false,"date":"2026-05-08 11:13:02","action":"change-status","newStatus":"draft","terms":[],"taxonomy":"category","extraData":[]},"publishpress_future_workflow_manual_trigger":{"enabledWorkflows":[]},"_links":{"self":[{"href":"https:\/\/noticiasveracruz.com\/index.php\/wp-json\/wp\/v2\/posts\/51836","targetHints":{"allow":["GET"]}}],"collection":[{"href":"https:\/\/noticiasveracruz.com\/index.php\/wp-json\/wp\/v2\/posts"}],"about":[{"href":"https:\/\/noticiasveracruz.com\/index.php\/wp-json\/wp\/v2\/types\/post"}],"author":[{"embeddable":true,"href":"https:\/\/noticiasveracruz.com\/index.php\/wp-json\/wp\/v2\/users\/4"}],"replies":[{"embeddable":true,"href":"https:\/\/noticiasveracruz.com\/index.php\/wp-json\/wp\/v2\/comments?post=51836"}],"version-history":[{"count":0,"href":"https:\/\/noticiasveracruz.com\/index.php\/wp-json\/wp\/v2\/posts\/51836\/revisions"}],"wp:featuredmedia":[{"embeddable":true,"href":"https:\/\/noticiasveracruz.com\/index.php\/wp-json\/wp\/v2\/media\/51837"}],"wp:attachment":[{"href":"https:\/\/noticiasveracruz.com\/index.php\/wp-json\/wp\/v2\/media?parent=51836"}],"wp:term":[{"taxonomy":"category","embeddable":true,"href":"https:\/\/noticiasveracruz.com\/index.php\/wp-json\/wp\/v2\/categories?post=51836"},{"taxonomy":"post_tag","embeddable":true,"href":"https:\/\/noticiasveracruz.com\/index.php\/wp-json\/wp\/v2\/tags?post=51836"}],"curies":[{"name":"wp","href":"https:\/\/api.w.org\/{rel}","templated":true}]}}